{"id":475638,"date":"2025-10-19T21:43:13","date_gmt":"2025-10-19T21:43:13","guid":{"rendered":"https:\/\/www.europesays.com\/fr\/475638\/"},"modified":"2025-10-19T21:43:13","modified_gmt":"2025-10-19T21:43:13","slug":"saint-etienne-beaubrun-velo-en-quartier-une-association-pas-comme-les-autres","status":"publish","type":"post","link":"https:\/\/www.europesays.com\/fr\/475638\/","title":{"rendered":"Saint-\u00c9tienne\/Beaubrun. V\u00e9lo en quartier, une association pas comme les autres"},"content":{"rendered":"<p>Pour Achour, responsable du p\u00f4le mobilit\u00e9 de V\u00e9lo en quartier, l\u2019association est unique en son genre. \u00ab\u00a0On essaye toujours de se diff\u00e9rencier, de proposer des initiatives originales. Il n\u2019y a pas d\u2019\u00e9quivalent \u00e0 V\u00e9lo en quartier.\u00a0\u00bb Et de pr\u00e9ciser que \u00ab\u00a0toutes les nouveaut\u00e9s que nous proposons ne sont pas ordinaires\u00a0\u00bb.<\/p>\n<p>Mon lopin de mer<\/p>\n<p>Mise en place avec Les petits d\u00e9brouillards, cette initiative emm\u00e8nera le Club des jeunes \u00e0 la mer. Du 10 au 20\u00a0juillet, douze jeunes \u00e2g\u00e9s de 12 \u00e0 25 ans, encadr\u00e9s par cinq adultes, p\u00e9daleront pour \u00ab\u00a0une aventure qui ne sera pas que sportive. C\u2019est une exp\u00e9rience humaine qui leur permettra de sortir de leur quartier et leur fera d\u00e9couvrir de nouveaux&#8230;<\/p>\n","protected":false},"excerpt":{"rendered":"Pour Achour, responsable du p\u00f4le mobilit\u00e9 de V\u00e9lo en quartier, l\u2019association est unique en son genre. \u00ab\u00a0On essaye&hellip;\n","protected":false},"author":2,"featured_media":475639,"comment_status":"","ping_status":"","sticky":false,"template":"","format":"standard","meta":{"footnotes":""},"categories":[9653],"tags":[1111,11,2430,7539,1777,674,1011,27,12,25,4001,7538,104,1631],"class_list":{"0":"post-475638","1":"post","2":"type-post","3":"status-publish","4":"format-standard","5":"has-post-thumbnail","7":"category-saint-etienne","8":"tag-actu","9":"tag-actualites","10":"tag-auvergne-rhone-alpes","11":"tag-edition-loire-sud","12":"tag-eu","13":"tag-europe","14":"tag-fr","15":"tag-france","16":"tag-news","17":"tag-republique-francaise","18":"tag-saint-etienne","19":"tag-saint-etienne-ville","20":"tag-societe","21":"tag-vie-associative"},"share_on_mastodon":{"url":"https:\/\/pubeurope.com\/@fr\/115403017595423524","error":""},"_links":{"self":[{"href":"https:\/\/www.europesays.com\/fr\/wp-json\/wp\/v2\/posts\/475638","targetHints":{"allow":["GET"]}}],"collection":[{"href":"https:\/\/www.europesays.com\/fr\/wp-json\/wp\/v2\/posts"}],"about":[{"href":"https:\/\/www.europesays.com\/fr\/wp-json\/wp\/v2\/types\/post"}],"author":[{"embeddable":true,"href":"https:\/\/www.europesays.com\/fr\/wp-json\/wp\/v2\/users\/2"}],"replies":[{"embeddable":true,"href":"https:\/\/www.europesays.com\/fr\/wp-json\/wp\/v2\/comments?post=475638"}],"version-history":[{"count":0,"href":"https:\/\/www.europesays.com\/fr\/wp-json\/wp\/v2\/posts\/475638\/revisions"}],"wp:featuredmedia":[{"embeddable":true,"href":"https:\/\/www.europesays.com\/fr\/wp-json\/wp\/v2\/media\/475639"}],"wp:attachment":[{"href":"https:\/\/www.europesays.com\/fr\/wp-json\/wp\/v2\/media?parent=475638"}],"wp:term":[{"taxonomy":"category","embeddable":true,"href":"https:\/\/www.europesays.com\/fr\/wp-json\/wp\/v2\/categories?post=475638"},{"taxonomy":"post_tag","embeddable":true,"href":"https:\/\/www.europesays.com\/fr\/wp-json\/wp\/v2\/tags?post=475638"}],"curies":[{"name":"wp","href":"https:\/\/api.w.org\/{rel}","templated":true}]}}