{"id":475704,"date":"2025-10-19T22:24:14","date_gmt":"2025-10-19T22:24:14","guid":{"rendered":"https:\/\/www.europesays.com\/fr\/475704\/"},"modified":"2025-10-19T22:24:14","modified_gmt":"2025-10-19T22:24:14","slug":"voici-le-seul-quil-conserve","status":"publish","type":"post","link":"https:\/\/www.europesays.com\/fr\/475704\/","title":{"rendered":"voici le seul qu\u2019il conserve"},"content":{"rendered":"<p>                             Par Amel Sayad<\/p>\n<p>                Le 19 octobre 2025 \u00e0 22h43<\/p>\n<p>                                    <img decoding=\"async\" src=\"https:\/\/www.europesays.com\/fr\/wp-content\/uploads\/2025\/10\/2bb00a348ba965a19b0712f7dd11f2d8b5446e29b66ec14e33eeed4b689c1900.jpg\" alt=\"GALA Prince Andrew\u00a0: ce qu'il faut conna\u00eetre\" class=\"a11y-hidden\" fetchpriority=\"high\"\/><\/p>\n<p class=\"fig-standfirst\">\n    Coup de tonnerre \u00e0 Buckingham. D\u00e9j\u00e0 \u00e9cart\u00e9 de la vie publique depuis 2019, le prince Andrew a annonc\u00e9 renoncer \u00e0 ses derniers titres royaux, dont celui de duc d\u2019York. Une d\u00e9cision radicale, prise avec l\u2019accord du roi Charles III, mais un d\u00e9tail change tout.<\/p>\n<p class=\"fig-paragraph\">Le couperet est tomb\u00e9. Ce vendredi 17 octobre, le prince Andrew a confirm\u00e9, via un communiqu\u00e9 relay\u00e9 par l\u2019experte royale Roya Nikkhah,\u00a0<a href=\"https:\/\/www.gala.fr\/royautes\/le-prince-andrew-congedie-par-charles-iii-il-n-est-desormais-plus-le-duc-d-york-20251017\" target=\"_blank\" data-fig-type=\"Article\" rel=\"sponsored noopener\" data-gtm-custom-categorie=\"navigation\" data-gtm-custom-action=\"crossclick\" data-gtm-custom-label=\"Contextuel\" data-gtm-event=\"customEventSPE\" data-fig-domain=\"GALA\">qu\u2019il renon\u00e7ait \u00e0 ses titres et \u00e0 ses honneurs royaux<\/a>, dont celui de duc d\u2019York, re\u00e7u en 1986 des mains de sa m\u00e8re,\u00a0<a href=\"http:\/\/www.gala.fr\/royautes\/vous-allez-tuer-la-reine-puta-n-l-idee-dangereuse-de-boris-johnson-face-a-elizabeth-ii-20250903\" data-fig-type=\"Article\" data-gtm-custom-categorie=\"navigation\" data-gtm-custom-action=\"crossclick\" data-gtm-custom-label=\"Contextuel\" data-gtm-event=\"customEventSPE\" data-fig-domain=\"GALA\" target=\"_blank\" rel=\"noopener\">la reine Elizabeth II<\/a>. Dans son texte,\u00a0<a href=\"https:\/\/www.gala.fr\/royautes\/charles-iii-embarrasse-par-le-prince-andrew-il-pourrait-prendre-une-grande-decision-pour-les-fetes-de-noel-20251016\" target=\"_blank\" data-fig-type=\"Article\" rel=\"sponsored noopener\" data-gtm-custom-categorie=\"navigation\" data-gtm-custom-action=\"crossclick\" data-gtm-custom-label=\"Contextuel\" data-gtm-event=\"customEventSPE\" data-fig-domain=\"GALA\">le fr\u00e8re cadet de Charles III<\/a>\u00a0explique avoir pris cette d\u00e9cision \u00ab apr\u00e8s discussion avec le roi et ma famille imm\u00e9diate et \u00e9largie\u00a0\u00bb. Il reconna\u00eet que \u00ab les accusations persistantes \u00e0 [son] encontre d\u00e9tournent l\u2019attention du travail de Sa Majest\u00e9 et de la famille royale\u00a0\u00bb. Le prince, d\u00e9j\u00e0 \u00e9loign\u00e9 des fonctions officielles de la Couronne depuis novembre 2019, pr\u00e9cise vouloir \u00ab faire passer [son] devoir envers [sa] famille et [son] pays en premier\u00a0\u00bb. Il ajoute\u00a0: \u00ab Je maintiens ma d\u00e9cision prise il y a cinq ans de me retirer de la vie publique. Avec l\u2019accord de Sa Majest\u00e9,\u00a0<a href=\"https:\/\/www.gala.fr\/royautes\/le-prince-andrew-renonce-a-son-titre-de-duc-d-york-peut-il-encore-vivre-a-royal-lodge-20251018\" target=\"_blank\" data-fig-type=\"Article\" rel=\"sponsored noopener\" data-gtm-custom-categorie=\"navigation\" data-gtm-custom-action=\"crossclick\" data-gtm-custom-label=\"Contextuel\" data-gtm-event=\"customEventSPE\" data-fig-domain=\"GALA\">je n\u2019utiliserai plus mon titre ni les honneurs qui m\u2019ont \u00e9t\u00e9 conf\u00e9r\u00e9s<\/a> . Comme je l\u2019ai d\u00e9j\u00e0 dit, je nie vigoureusement les accusations port\u00e9es contre moi.\u00a0\u00bb<\/p>\n<p class=\"fig-paragraph\">Une annonce lourde de sens pour celui qui avait d\u00e9j\u00e0 perdu, en 2022, l\u2019ensemble de ses titres militaires et patronages royaux,\u00a0<a href=\"https:\/\/www.gala.fr\/royautes\/le-prince-andrew-accable-dans-l-affaire-epstein-le-fbi-a-enfin-rendu-son-verdict-20250707\" target=\"_blank\" data-fig-type=\"Article\" rel=\"sponsored noopener\" data-gtm-custom-categorie=\"navigation\" data-gtm-custom-action=\"crossclick\" data-gtm-custom-label=\"Contextuel\" data-gtm-event=\"customEventSPE\" data-fig-domain=\"GALA\">dans la foul\u00e9e de l\u2019affaire Epstein.\u00a0<\/a>Concr\u00e8tement, le prince Andrew n\u2019est donc plus duc d\u2019York, ni membre de l\u2019Ordre de la Jarreti\u00e8re, la plus haute distinction de la monarchie britannique. Mais un titre, lui, ne lui sera jamais retir\u00e9\u00a0: celui de prince. En tant que fils de la d\u00e9funte reine Elizabeth II, il le conserve \u00e0 vie, m\u00eame s\u2019il n\u2019a plus aucune activit\u00e9 officielle au sein de la famille royale.<\/p>\n<p>    <a href=\"#slideshow-header\"><\/p>\n<p class=\"fig-slideshow__title\">\n                    PHOTOS &#8211; Prince Andrew\u00a0: retour sur son \u00e9volution physique\n                <\/p>\n<p>    <\/a><\/p>\n<p>                                    <a class=\"fig-a11y-skip a11y-hidden\" href=\"#fig-a11y-skip-main-inarticle\"><br \/>\n        Passer la publicit\u00e9<br \/>\n    <\/a><\/p>\n<p>Une descente sans fin pour le fils d\u2019Elizabeth II<\/p>\n<p class=\"fig-paragraph\">Depuis son retrait de la vie publique en 2019, \u00e0 la suite de son entretien d\u00e9sastreux sur la BBC, le fils d\u2019Elizabeth II n\u2019a cess\u00e9 d\u2019\u00eatre m\u00eal\u00e9 au scandale. Accus\u00e9\u00a0<a href=\"https:\/\/www.gala.fr\/royautes\/affaire-epstein-le-prince-andrew-encore-accable-par-de-nouveaux-documents-20250926\" target=\"_blank\" data-fig-type=\"Article\" rel=\"sponsored noopener\" data-gtm-custom-categorie=\"navigation\" data-gtm-custom-action=\"crossclick\" data-gtm-custom-label=\"Contextuel\" data-gtm-event=\"customEventSPE\" data-fig-domain=\"GALA\">d\u2019avoir entretenu des liens \u00e9troits avec Jeffrey Epstein<\/a>, financier condamn\u00e9 pour trafic sexuel puis d\u00e9c\u00e9d\u00e9 en prison, il a \u00e9galement \u00e9t\u00e9 cit\u00e9 dans plusieurs affaires embarrassantes, notamment\u00a0<a href=\"https:\/\/www.gala.fr\/l_actu\/news_de_stars\/reunion-d-urgence-pour-le-roi-charles-iii-son-frere-andrew-dupe-par-un-espion-chinois-20241214\" target=\"_blank\" data-fig-type=\"Article\" rel=\"sponsored noopener\" data-gtm-custom-categorie=\"navigation\" data-gtm-custom-action=\"crossclick\" data-gtm-custom-label=\"Contextuel\" data-gtm-event=\"customEventSPE\" data-fig-domain=\"GALA\">son implication suppos\u00e9e avec un espion chinois<\/a>\u00a0et des transactions financi\u00e8res douteuses. Ce dernier \u00e9l\u00e9ment a d\u2019ailleurs \u00e9t\u00e9\u00a0<a href=\"http:\/\/www.gala.fr\/royautes\/le-prince-andrew-n-est-plus-duc-d-york-voici-la-goutte-d-eau-qui-a-fait-deborder-le-vase-20251018\" data-fig-type=\"Article\" data-gtm-custom-categorie=\"navigation\" data-gtm-custom-action=\"crossclick\" data-gtm-custom-label=\"Contextuel\" data-gtm-event=\"customEventSPE\" data-fig-domain=\"GALA\" target=\"_blank\" rel=\"noopener\">la goutte d\u2019eau qui a fait d\u00e9border le vase pour le roi Charles III<\/a>.<\/p>\n<p class=\"fig-paragraph\">Cette nouvelle annonce intervient alors que la tension ne retombe pas autour du duc d\u00e9chu. Dans les prochains jours,\u00a0<a href=\"https:\/\/www.gala.fr\/royautes\/le-prince-andrew-pas-au-bout-de-ses-peines-le-livre-de-son-accusatrice-virginia-giuffre-bientot-publie-au-royaume-uni-20250826\" target=\"_blank\" data-fig-type=\"Article\" rel=\"sponsored noopener\" data-gtm-custom-categorie=\"navigation\" data-gtm-custom-action=\"crossclick\" data-gtm-custom-label=\"Contextuel\" data-gtm-event=\"customEventSPE\" data-fig-domain=\"GALA\">la publication posthume des m\u00e9moires de Virginia Giuffre<\/a>, la jeune femme qui l\u2019accusait d\u2019agression sexuelle avant leur accord \u00e0 l\u2019amiable en 2022, pourrait relancer l\u2019affaire. D\u2019autant plus<a href=\"https:\/\/www.gala.fr\/l_actu\/news_de_stars\/seisme-pour-la-famille-royale-virginia-giuffre-l-accusatrice-du-prince-andrew-s-est-suicidee-a-41-ans-20250426\" target=\"_blank\" data-fig-type=\"Article\" rel=\"sponsored noopener\" data-gtm-custom-categorie=\"navigation\" data-gtm-custom-action=\"crossclick\" data-gtm-custom-label=\"Contextuel\" data-gtm-event=\"customEventSPE\" data-fig-domain=\"GALA\">\u00a0qu\u2019elle s\u2019est \u00f4t\u00e9 la vie cette ann\u00e9e, \u00e0 l\u2019\u00e2ge de 41 ans<\/a>. D\u00e9sormais priv\u00e9 de toute reconnaissance officielle,\u00a0<a href=\"https:\/\/www.gala.fr\/royautes\/le-prince-andrew-renonce-a-son-titre-de-duc-d-york-peut-il-encore-vivre-a-royal-lodge-20251018\" target=\"_blank\" data-fig-type=\"Article\" rel=\"sponsored noopener\" data-gtm-custom-categorie=\"navigation\" data-gtm-custom-action=\"crossclick\" data-gtm-custom-label=\"Contextuel\" data-gtm-event=\"customEventSPE\" data-fig-domain=\"GALA\">Andrew continuera de r\u00e9sider au Royal Lodge<\/a>, \u00e0 Windsor, o\u00f9 il vit toujours avec son ex-\u00e9pouse Sarah Ferguson. Une existence recluse pour celui qu\u2019on appelait autrefois le fils pr\u00e9f\u00e9r\u00e9 de la reine.<\/p>\n<p class=\"fig-paragraph\">Article \u00e9crit avec la collaboration de 6M\u00e9dias<\/p>\n","protected":false},"excerpt":{"rendered":"Par Amel Sayad Le 19 octobre 2025 \u00e0 22h43 Coup de tonnerre \u00e0 Buckingham. D\u00e9j\u00e0 \u00e9cart\u00e9 de la&hellip;\n","protected":false},"author":2,"featured_media":475705,"comment_status":"","ping_status":"","sticky":false,"template":"","format":"standard","meta":{"footnotes":""},"categories":[1588],"tags":[11,59923,32342,46337,1777,674,545,5861,12,473,1853,1747,59922,1851,1850,1852],"class_list":{"0":"post-475704","1":"post","2":"type-post","3":"status-publish","4":"format-standard","5":"has-post-thumbnail","7":"category-royaume-uni","8":"tag-actualites","9":"tag-andrew-dangleterre","10":"tag-buckingham","11":"tag-charles-dangleterre","12":"tag-eu","13":"tag-europe","14":"tag-famille-royale-britannique","15":"tag-gotha","16":"tag-news","17":"tag-royaume-uni","18":"tag-royaume-uni-de-grande-bretagne-et-dirlande-du-nord","19":"tag-scandale","20":"tag-titre-royale","21":"tag-uk","22":"tag-united-kingdom","23":"tag-united-kingdom-of-great-britain-and-northern-ireland"},"share_on_mastodon":{"url":"https:\/\/pubeurope.com\/@fr\/115403180074305277","error":""},"_links":{"self":[{"href":"https:\/\/www.europesays.com\/fr\/wp-json\/wp\/v2\/posts\/475704","targetHints":{"allow":["GET"]}}],"collection":[{"href":"https:\/\/www.europesays.com\/fr\/wp-json\/wp\/v2\/posts"}],"about":[{"href":"https:\/\/www.europesays.com\/fr\/wp-json\/wp\/v2\/types\/post"}],"author":[{"embeddable":true,"href":"https:\/\/www.europesays.com\/fr\/wp-json\/wp\/v2\/users\/2"}],"replies":[{"embeddable":true,"href":"https:\/\/www.europesays.com\/fr\/wp-json\/wp\/v2\/comments?post=475704"}],"version-history":[{"count":0,"href":"https:\/\/www.europesays.com\/fr\/wp-json\/wp\/v2\/posts\/475704\/revisions"}],"wp:featuredmedia":[{"embeddable":true,"href":"https:\/\/www.europesays.com\/fr\/wp-json\/wp\/v2\/media\/475705"}],"wp:attachment":[{"href":"https:\/\/www.europesays.com\/fr\/wp-json\/wp\/v2\/media?parent=475704"}],"wp:term":[{"taxonomy":"category","embeddable":true,"href":"https:\/\/www.europesays.com\/fr\/wp-json\/wp\/v2\/categories?post=475704"},{"taxonomy":"post_tag","embeddable":true,"href":"https:\/\/www.europesays.com\/fr\/wp-json\/wp\/v2\/tags?post=475704"}],"curies":[{"name":"wp","href":"https:\/\/api.w.org\/{rel}","templated":true}]}}