{"id":475712,"date":"2025-10-19T22:28:11","date_gmt":"2025-10-19T22:28:11","guid":{"rendered":"https:\/\/www.europesays.com\/fr\/475712\/"},"modified":"2025-10-19T22:28:11","modified_gmt":"2025-10-19T22:28:11","slug":"kylian-mbappe-delivre-encore-le-real-madrid-a-getafe","status":"publish","type":"post","link":"https:\/\/www.europesays.com\/fr\/475712\/","title":{"rendered":"Kylian Mbapp\u00e9 d\u00e9livre (encore) le Real Madrid \u00e0 Getafe"},"content":{"rendered":"<p>\n    Pour la 9e journ\u00e9e de Liga, le Real Madrid s\u2019est impos\u00e9 dimanche sur la pelouse de Getafe gr\u00e2ce \u00e0 un but de Kylian Mbapp\u00e9.<\/p>\n<p class=\"fig-paragraph\">Le strict minimum. Gr\u00e2ce \u00e0 Kylian Mbapp\u00e9 (79e),\u00a0<a href=\"https:\/\/www.lefigaro.fr\/sports\/football\/live\/liga\/2025\/2572022\/getafe-real-madrid\" target=\"_blank\" data-fig-type=\"Live\" rel=\"noopener\" data-gtm-custom-categorie=\"navigation\" data-gtm-custom-action=\"crossclick\" data-gtm-custom-label=\"Contextuel\" data-gtm-event=\"customEventSPE\" data-fig-domain=\"LEFIGARO\">le Real Madrid s\u2019impose<\/a>\u00a0ce dimanche sur la plus petite des marges sur la pelouse de Getafe (0-1) dans une rencontre comptant pour\u00a0<a href=\"https:\/\/www.lefigaro.fr\/sports\/football\/liga\/calendrier-resultats\" target=\"_blank\" rel=\"sponsored noopener\" data-gtm-custom-categorie=\"navigation\" data-gtm-custom-action=\"crossclick\" data-gtm-custom-label=\"Contextuel\" data-gtm-event=\"customEventSPE\">la 9e journ\u00e9e de Liga<\/a>. Avant d\u2019entamer une semaine cruciale pour la suite de leur saison avec les r\u00e9ceptions de la Juve et du Bar\u00e7a, les Merengue devaient reprendre la t\u00eate du championnat \u00e0 Getafe. Sans proposer une prestation de grande qualit\u00e9, les hommes de Xabi Alonso ont rempli leur mission en s\u2019imposant sur la plus petite des marges \u00e0 l\u2019Estadio Coliseum, forteresse imprenable depuis le d\u00e9but de la saison.<\/p>\n<p>Vinicius et G\u00fcler ont tout chang\u00e9<\/p>\n<p class=\"fig-paragraph\">Laiss\u00e9s au repos en d\u00e9but de partie pour \u00eatre pr\u00e9serv\u00e9s avant deux rencontres capitales,\u00a0<a href=\"http:\/\/www.lefigaro.fr\/sports\/football\/espagne\/real-madrid-villarreal-vinicius-retrouve-de-sa-superbe-mikautadze-allume-la-meche-mbappe-rayonne-mais-se-blesse-les-tops-flops-20251005\" data-fig-type=\"NewsFlash\" data-gtm-custom-categorie=\"navigation\" data-gtm-custom-action=\"crossclick\" data-gtm-custom-label=\"Contextuel\" data-gtm-event=\"customEventSPE\" data-fig-domain=\"LEFIGARO\" target=\"_blank\" rel=\"noopener\">Vinicius<\/a>\u00a0et G\u00fcler sont entr\u00e9s en jeu en deuxi\u00e8me p\u00e9riode face \u00e0 l\u2019incapacit\u00e9 du Real \u00e0 se montrer dangereux. Si Mbapp\u00e9 a multipli\u00e9 les acc\u00e9l\u00e9rations en premi\u00e8re mi-temps (7e, 8e, 13e, 17e), il a manqu\u00e9 de r\u00e9ussite et est tomb\u00e9 sur un gardien solide (30e, 41e). Ses acolytes du jour en attaque, Rodrygo et Mastantuono, ont \u00e9t\u00e9 serr\u00e9s de pr\u00e8s par une d\u00e9fense compacte de Getafe bien emmen\u00e9 par le capitaine Djen\u00e9.<\/p>\n<p>                                    <a class=\"fig-a11y-skip a11y-hidden\" href=\"#fig-a11y-skip-main-inarticle\"><br \/>\n        Passer la publicit\u00e9<br \/>\n    <\/a><\/p>\n<p class=\"fig-paragraph\">Mais cette solidit\u00e9 a \u00e9t\u00e9 balay\u00e9e par le sulfureux Vinicius. Le Br\u00e9silien entr\u00e9 \u00e0 la 54e a fait craquer ses adversaires mentalement. Vicieux et provocateur, il a subi de nombreuses fautes grossi\u00e8res d\u2019antijeu. Une attitude qui lui a permis d\u2019expulser Nyom (76e) qui venait juste d\u2019entr\u00e9e en jeu puis Alex (83e). Dans un autre registre, Arda G\u00fcler a \u00e9t\u00e9 tr\u00e8s pr\u00e9cis dans les petits espaces pour d\u00e9livrer de bons ballons \u00e0 ses partenaires. C\u2019est lui qui a trouv\u00e9 la faille dans la d\u00e9fense de Getafe pour servir id\u00e9alement Mbapp\u00e9 \u00e0 la limite du hors-jeu sur l\u2019unique but de la rencontre (79e).\u00a0Chirurgical, d\u2019une frappe puissante du droit, le crack de Bondy a encore fait trembler les filets en Liga cette saison.<\/p>\n<p class=\"fig-paragraph\">\u00c0 11 contre 9, le Real n\u2019a pas \u00e9t\u00e9 trop inqui\u00e9t\u00e9 apr\u00e8s son but mais s\u2019est fait peur en toute fin de rencontre. Sur contre, Coba Da Costa est pass\u00e9 tout proche de l\u2019\u00e9galisation. Courtois vigilant a r\u00e9alis\u00e9 une sortie d\u00e9cisive pour repousser le danger (90+5) et assurer les trois points de son \u00e9quipe.<\/p>\n<p>Mbapp\u00e9 affole les compteurs<\/p>\n<p class=\"fig-paragraph\">Mais ou va-t-il s\u2019arr\u00eater\u00a0? En grande forme depuis le d\u00e9but de la saison,<a href=\"http:\/\/www.lefigaro.fr\/sports\/football\/espagne\/liga-xabi-alonso-confirme-le-retour-de-mbappe-face-a-getafe-20251018\" data-fig-type=\"NewsFlash\" data-gtm-custom-categorie=\"navigation\" data-gtm-custom-action=\"crossclick\" data-gtm-custom-label=\"Contextuel\" data-gtm-event=\"customEventSPE\" data-fig-domain=\"LEFIGARO\" target=\"_blank\" rel=\"noopener\">\u00a0Kylian Mbapp\u00e9<\/a>\u00a0a marqu\u00e9 sur les onze derniers matchs qu\u2019il a disput\u00e9 (avec\u00a0<a href=\"http:\/\/www.lefigaro.fr\/sports\/football\/coupe-du-monde\/contexte-islandais-maignan-capitaine-mbappe-absent-les-reponses-de-deschamps-avant-islande-france-20251012\" data-fig-type=\"NewsFlash\" data-gtm-custom-categorie=\"navigation\" data-gtm-custom-action=\"crossclick\" data-gtm-custom-label=\"Contextuel\" data-gtm-event=\"customEventSPE\" data-fig-domain=\"LEFIGARO\" target=\"_blank\" rel=\"noopener\">les Bleus<\/a>\u00a0et le Real). Une fois n\u2019est pas coutume, il a encore inscrit un but avec les siens face \u00e0 Getafe. But d\u00e9cisif pour permettre \u00e0 sa formation de prendre 3 points et de retrouver la t\u00eate du classement. L\u2019ancien joueur du PSG est seul en t\u00eate du classement des buteurs de Liga avec 10 r\u00e9alisations. \u00c0 son compteur, c\u2019est 18 buts depuis le d\u00e9but de la saison toutes comp\u00e9titions confondues. La star du Real compte bien s\u2019illustrer de nouveau face \u00e0 la Juve mercredi et lors du Clasico contre le FC Barcelone dimanche.<\/p>\n","protected":false},"excerpt":{"rendered":"Pour la 9e journ\u00e9e de Liga, le Real Madrid s\u2019est impos\u00e9 dimanche sur la pelouse de Getafe gr\u00e2ce&hellip;\n","protected":false},"author":2,"featured_media":475713,"comment_status":"","ping_status":"","sticky":false,"template":"","format":"standard","meta":{"footnotes":""},"categories":[2],"tags":[11,1011,27,6477,12,4790,25],"class_list":{"0":"post-475712","1":"post","2":"type-post","3":"status-publish","4":"format-standard","5":"has-post-thumbnail","7":"category-actualites","8":"tag-actualites","9":"tag-fr","10":"tag-france","11":"tag-kylian-mbappe","12":"tag-news","13":"tag-real-madrid","14":"tag-republique-francaise"},"share_on_mastodon":{"url":"https:\/\/pubeurope.com\/@fr\/115403194643264890","error":""},"_links":{"self":[{"href":"https:\/\/www.europesays.com\/fr\/wp-json\/wp\/v2\/posts\/475712","targetHints":{"allow":["GET"]}}],"collection":[{"href":"https:\/\/www.europesays.com\/fr\/wp-json\/wp\/v2\/posts"}],"about":[{"href":"https:\/\/www.europesays.com\/fr\/wp-json\/wp\/v2\/types\/post"}],"author":[{"embeddable":true,"href":"https:\/\/www.europesays.com\/fr\/wp-json\/wp\/v2\/users\/2"}],"replies":[{"embeddable":true,"href":"https:\/\/www.europesays.com\/fr\/wp-json\/wp\/v2\/comments?post=475712"}],"version-history":[{"count":0,"href":"https:\/\/www.europesays.com\/fr\/wp-json\/wp\/v2\/posts\/475712\/revisions"}],"wp:featuredmedia":[{"embeddable":true,"href":"https:\/\/www.europesays.com\/fr\/wp-json\/wp\/v2\/media\/475713"}],"wp:attachment":[{"href":"https:\/\/www.europesays.com\/fr\/wp-json\/wp\/v2\/media?parent=475712"}],"wp:term":[{"taxonomy":"category","embeddable":true,"href":"https:\/\/www.europesays.com\/fr\/wp-json\/wp\/v2\/categories?post=475712"},{"taxonomy":"post_tag","embeddable":true,"href":"https:\/\/www.europesays.com\/fr\/wp-json\/wp\/v2\/tags?post=475712"}],"curies":[{"name":"wp","href":"https:\/\/api.w.org\/{rel}","templated":true}]}}