{"id":475723,"date":"2025-10-19T22:36:14","date_gmt":"2025-10-19T22:36:14","guid":{"rendered":"https:\/\/www.europesays.com\/fr\/475723\/"},"modified":"2025-10-19T22:36:14","modified_gmt":"2025-10-19T22:36:14","slug":"david-alonso-un-podium-eclatant-en-moto2-au-gp-daustralie","status":"publish","type":"post","link":"https:\/\/www.europesays.com\/fr\/475723\/","title":{"rendered":"David Alonso : un podium \u00e9clatant en Moto2 au GP d&rsquo;Australie !"},"content":{"rendered":"<p class=\"paragraph\">Un duel captivant s\u2019est tenu entre David Alonso et Diogo Moreira lors de la derni\u00e8re course de Moto2, qui s\u2019est d\u00e9roul\u00e9e en Australie. Le pilote colombo-espagnol a r\u00e9ussi \u00e0 se hisser \u00e0 la deuxi\u00e8me place du podium apr\u00e8s avoir surmont\u00e9 plusieurs d\u00e9fis sur la piste.<\/p>\n<p class=\"paragraph\">Le premier prix a \u00e9t\u00e9 remport\u00e9 par Senna Agius, qui a capitalis\u00e9 sur son statut de pilote local, remportant la victoire devant son public. D\u00e8s le d\u00e9part, Alonso, membre de l\u2019Aspar Team, a entrepris une remont\u00e9e remarquable, gagnant deux positions pour se placer temporairement au quatri\u00e8me rang.<\/p>\n<p class=\"paragraph\"><b>Dans les premiers tours, Alonso a d\u00e9montr\u00e9 sa d\u00e9termination en disputant des positions cruciales.<\/b> Au cours du deuxi\u00e8me tour, il a d\u00e9pass\u00e9 Diogo Moreira, s\u2019assurant ainsi une place provisoire sur le podium gr\u00e2ce \u00e0 des man\u0153uvres pr\u00e9cises et sans h\u00e9sitation.<\/p>\n<p><img data-lazyloaded=\"1\" alt=\"David Alonso c\u00e9l\u00e9brant avec son \u00e9quipe\" class=\"global-image\" decoding=\"async\" fetchpriority=\"low\" height=\"1800\" loading=\"lazy\" src=\"https:\/\/www.europesays.com\/fr\/wp-content\/uploads\/2025\/10\/David-Alonso-un-podium-eclatant-en-Moto2-au-GP.jpg\" width=\"2880\"\/><br \/>\nDavid Alonso c\u00e9l\u00e9brant avec son \u00e9quipe la deuxi\u00e8me place au GP d\u2019Australie \u2013 cr\u00e9dit MotoGP<\/p>\n<p class=\"paragraph\">Au huiti\u00e8me tour, le pilote colombien a atteint la deuxi\u00e8me position, engageant ainsi un affrontement direct avec Moreira. La lutte a \u00e9t\u00e9 serr\u00e9e jusqu\u2019\u00e0 ce qu\u2019\u00c0 la sortie de la courbe 11, Alonso perde temporairement du terrain, chutant au quatri\u00e8me rang.<\/p>\n<p class=\"paragraph\">L\u2019intensit\u00e9 a continu\u00e9 \u00e0 cro\u00eetre lorsque Jake Dixon a tent\u00e9 un d\u00e9passement, provoquant un l\u00e9ger contact avec Alonso, mais les deux ont pu \u00e9viter des cons\u00e9quences n\u00e9fastes et ont poursuivi leur course.<\/p>\n<p class=\"paragraph\">Avec cinq tours restants, Alonso a r\u00e9cup\u00e9r\u00e9 du terrain gr\u00e2ce \u00e0 deux d\u00e9passements d\u00e9cisifs sur Manuel Gonz\u00e1lez et Moreira, reprenant ainsi la deuxi\u00e8me position. \u00c0 ce stade, l\u2019\u00e9cart avec le leader Agius d\u00e9passait six secondes, et l\u2019accent \u00e9tait d\u00e9sormais mis sur le reste du podium.<\/p>\n<p class=\"paragraph\"><b>Ce r\u00e9sultat permet \u00e0 Alonso de totaliser 117 points au championnat de Moto2, le pla\u00e7ant \u00e0 la dixi\u00e8me place du classement g\u00e9n\u00e9ral.<\/b> Manuel Gonz\u00e1lez conserve la pole position avec 247 points, suivi de pr\u00e8s par Moreira avec 245 points.<\/p>\n<p class=\"paragraph\">Jusqu\u2019au drapeau \u00e0 damier, la lutte entre Alonso et Moreira a perdur\u00e9. Cette fois, le Br\u00e9silien n\u2019a pas r\u00e9ussi \u00e0 d\u00e9passer le Colombien, ce qui a consolid\u00e9 la deuxi\u00e8me place d\u2019Alonso. Le prochain d\u00e9fi pour lui sera le Grand Prix de Malaisie, o\u00f9 il tentera de maintenir sa performance \u00e9lev\u00e9e et terminer le mieux possible dans le classement.<\/p>\n<p><img data-lazyloaded=\"1\" alt=\"David Alonso escalant au championnat de Moto2\" class=\"global-image\" decoding=\"async\" fetchpriority=\"low\" height=\"1800\" loading=\"lazy\" src=\"https:\/\/www.infobae.com\/resizer\/v2\/FSD5GFHYLRFIB2CYB5PLOQ5I.jpg?auth=3b80c4564f4e1b6f6a5ea1263964a8fc80964d0d76de67dec4666dca1e8548f6&amp;smart=true&amp;width=350&amp;height=219&amp;quality=85\" width=\"2880\"\/><br \/>\nDavid Alonso a gravi jusqu\u2019\u00e0 la dixi\u00e8me place du championnat de Moto2 \u2013 cr\u00e9dit MotoGP<\/p>\n<ol data-icon=\"\u2b24\" class=\"list\">\n<li data-icon=\"\u2b24\">M. Gonz\u00e1lez : 247 points.<\/li>\n<li data-icon=\"\u2b24\">D. Moreira : 245 points.<\/li>\n<li data-icon=\"\u2b24\">A. Canet : 212 points.<\/li>\n<li data-icon=\"\u2b24\">B. Baltus : 205 points.<\/li>\n<li data-icon=\"\u2b24\">J. Dixon : 190 points.<\/li>\n<li data-icon=\"\u2b24\">D. Holgado : 166 points.<\/li>\n<li data-icon=\"\u2b24\">C. Vietti : 141 points.<\/li>\n<li data-icon=\"\u2b24\">S. Agius : 133 points.<\/li>\n<li data-icon=\"\u2b24\">A. Arenas : 127 points.<\/li>\n<li data-icon=\"\u2b24\"><b>D. Alonso : 117 points.<\/b><\/li>\n<li data-icon=\"\u2b24\">D. Oncu : 100 points.<\/li>\n<li data-icon=\"\u2b24\">I. Guevera : 99 points.<\/li>\n<li data-icon=\"\u2b24\">J. Roberts : 97 points.<\/li>\n<li data-icon=\"\u2b24\">M. Ram\u00edrez : 96 points.<\/li>\n<li data-icon=\"\u2b24\">F. Salac : 82 points.<\/li>\n<li data-icon=\"\u2b24\">A. L\u00f3pez : 76 points.<\/li>\n<li data-icon=\"\u2b24\">I. Ortola : 67 points.<\/li>\n<li data-icon=\"\u2b24\">T. Arbolino : 63 points.<\/li>\n<li data-icon=\"\u2b24\">C. Veijer : 57 points.<\/li>\n<li data-icon=\"\u2b24\">A. Huertas : 27 points.<\/li>\n<\/ol>\n<p><img data-lazyloaded=\"1\" alt=\"David Alonso lors du Grand Prix\" class=\"global-image\" decoding=\"async\" fetchpriority=\"low\" height=\"1800\" loading=\"lazy\" src=\"https:\/\/www.europesays.com\/fr\/wp-content\/uploads\/2025\/10\/1760887257_160_David-Alonso-un-podium-eclatant-en-Moto2-au-GP.jpg\" width=\"2880\"\/><br \/>\nDavid Alonso durant le Grand Prix d\u2019Australie en Moto2 \u2013 cr\u00e9dit MotoGP<\/p>\n<p class=\"paragraph\"><b>La premi\u00e8re victoire de David Alonso en Moto2 a \u00e9t\u00e9 caract\u00e9ris\u00e9e par une remont\u00e9e spectaculaire au Grand Prix de Hongrie, disput\u00e9 sur le circuit de Balaton Park.<\/b> Le pilote colombien s\u2019est illustr\u00e9 par un d\u00e9passement d\u00e9cisif dans la courbe un qui lui a permis de prendre la t\u00eate devant Diogo Moreira et de se rapprocher du leader du championnat, Manuel Gonz\u00e1lez.<\/p>\n<p class=\"paragraph\">D\u00e9partant de la huiti\u00e8me position, Alonso a su tirer parti des erreurs de ses concurrents tout en maintenant une concentration exemplaire sur les 22 tours de la course. Dans le dernier tour, le champion du monde de Moto3 en 2024 a lanc\u00e9 une attaque finale pour sceller sa victoire.<\/p>\n<p class=\"paragraph\">Sur le podium, Moreira, parti de la pole position, a termin\u00e9 deuxi\u00e8me, tandis que Gonz\u00e1lez, qui d\u00e9fendait son statut de leader du championnat, a fini troisi\u00e8me. Ce r\u00e9sultat a permis \u00e0 Gonzalez d\u2019accro\u00eetre son avance au classement g\u00e9n\u00e9ral.<\/p>\n<p>En tant que passionn\u00e9 de moto, il est fascinant de voir comment chaque course peut transformer la dynamique du championnat. Le talent de ces pilotes, combin\u00e9 \u00e0 leur r\u00e9silience, fait de chaque rencontre un moment \u00e0 suivre de pr\u00e8s. Comment l\u2019engagement d\u2019Alonso face \u00e0 des d\u00e9fis constants influencera-t-il sa strat\u00e9gie dans les prochaines courses ? C\u2019est une question \u00e0 laquelle je suis impatient de trouver une r\u00e9ponse.<\/p>\n","protected":false},"excerpt":{"rendered":"Un duel captivant s\u2019est tenu entre David Alonso et Diogo Moreira lors de la derni\u00e8re course de Moto2,&hellip;\n","protected":false},"author":2,"featured_media":470346,"comment_status":"","ping_status":"","sticky":false,"template":"","format":"standard","meta":{"footnotes":""},"categories":[1413],"tags":[1011,27,1457,1456,60],"class_list":{"0":"post-475723","1":"post","2":"type-post","3":"status-publish","4":"format-standard","5":"has-post-thumbnail","7":"category-moto","8":"tag-fr","9":"tag-france","10":"tag-moto","11":"tag-motocycle","12":"tag-sports"},"share_on_mastodon":{"url":"https:\/\/pubeurope.com\/@fr\/115403226571596407","error":""},"_links":{"self":[{"href":"https:\/\/www.europesays.com\/fr\/wp-json\/wp\/v2\/posts\/475723","targetHints":{"allow":["GET"]}}],"collection":[{"href":"https:\/\/www.europesays.com\/fr\/wp-json\/wp\/v2\/posts"}],"about":[{"href":"https:\/\/www.europesays.com\/fr\/wp-json\/wp\/v2\/types\/post"}],"author":[{"embeddable":true,"href":"https:\/\/www.europesays.com\/fr\/wp-json\/wp\/v2\/users\/2"}],"replies":[{"embeddable":true,"href":"https:\/\/www.europesays.com\/fr\/wp-json\/wp\/v2\/comments?post=475723"}],"version-history":[{"count":0,"href":"https:\/\/www.europesays.com\/fr\/wp-json\/wp\/v2\/posts\/475723\/revisions"}],"wp:featuredmedia":[{"embeddable":true,"href":"https:\/\/www.europesays.com\/fr\/wp-json\/wp\/v2\/media\/470346"}],"wp:attachment":[{"href":"https:\/\/www.europesays.com\/fr\/wp-json\/wp\/v2\/media?parent=475723"}],"wp:term":[{"taxonomy":"category","embeddable":true,"href":"https:\/\/www.europesays.com\/fr\/wp-json\/wp\/v2\/categories?post=475723"},{"taxonomy":"post_tag","embeddable":true,"href":"https:\/\/www.europesays.com\/fr\/wp-json\/wp\/v2\/tags?post=475723"}],"curies":[{"name":"wp","href":"https:\/\/api.w.org\/{rel}","templated":true}]}}