{"id":475724,"date":"2025-10-19T22:37:18","date_gmt":"2025-10-19T22:37:18","guid":{"rendered":"https:\/\/www.europesays.com\/fr\/475724\/"},"modified":"2025-10-19T22:37:18","modified_gmt":"2025-10-19T22:37:18","slug":"red-bull-sous-enquete-des-commissaires-a-austin","status":"publish","type":"post","link":"https:\/\/www.europesays.com\/fr\/475724\/","title":{"rendered":"Red Bull sous enqu\u00eate des commissaires \u00e0 Austin"},"content":{"rendered":"<p>Apr\u00e8s la victoire de <a href=\"https:\/\/fr.motorsport.com\/driver\/max-verstappen\/93029\/\" target=\"_blank\" rel=\"noopener\">Max Verstappen<\/a> au Grand Prix des \u00c9tats-Unis 2025 de F1, l&rsquo;\u00e9curie <a href=\"https:\/\/fr.motorsport.com\/team\/red-bull\/553\/\" target=\"_blank\" rel=\"noopener\">Red Bull<\/a> a \u00e9t\u00e9 convoqu\u00e9e par les commissaires pour une infraction potentielle. Il est reproch\u00e9 \u00e0 l&rsquo;\u00e9curie d&rsquo;avoir possiblement viol\u00e9 l&rsquo;article 12.2.1.i du Code Sportif International de la FIA, sans que cela ne soit li\u00e9 \u00e0 une voiture en particulier dans le document officiel \u00e9mis par l&rsquo;instance.<\/p>\n<p>Plus pr\u00e9cis\u00e9ment, Red Bull n&rsquo;aurait pas respect\u00e9 des \u00ab\u00a0instructions de la part d&rsquo;officiels\u00a0\u00bb sur la grille de d\u00e9part. La convocation impliquait qu&rsquo;un repr\u00e9sentant de l&rsquo;\u00e9curie doive se rendre devant les commissaires \u00e0 23h30, heure fran\u00e7aise.<\/p>\n<p>Dans le d\u00e9tail, l&rsquo;article cit\u00e9 plus haut proscrit, en fran\u00e7ais dans le texte, \u00ab\u00a0tout manquement \u00e0 l&rsquo;obligation de suivre les instructions des officiels concern\u00e9s pour la s\u00e9curit\u00e9 et le bon d\u00e9roulement de l&rsquo;\u00e9preuve\u00a0\u00bb.<\/p>\n<p>L&rsquo;infraction exacte que Red Bull aurait pu commettre n&rsquo;est pas claire \u00e0 ce stade, il para\u00eet toutefois improbable qu&rsquo;elle soit de nature \u00e0 changer le r\u00e9sultat de l&rsquo;\u00e9preuve.\u00a0<\/p>\n<p>Lire aussi :<\/p>\n<p>            Votre avis nous int\u00e9resse !<\/p>\n<p class=\"mt-auto\">Qu&rsquo;aimeriez-vous voir sur Motorsport.com ?<\/p>\n<p>            <a href=\"#\" class=\"ms-link text-link font-bold\">R\u00e9pondez \u00e0 notre enqu\u00eate de 5 minutes.<\/a><\/p>\n<p class=\"mt-1 font-info text-body\">&#8211; L&rsquo;\u00e9quipe Motorsport.com<\/p>\n","protected":false},"excerpt":{"rendered":"Apr\u00e8s la victoire de Max Verstappen au Grand Prix des \u00c9tats-Unis 2025 de F1, l&rsquo;\u00e9curie Red Bull a&hellip;\n","protected":false},"author":2,"featured_media":475725,"comment_status":"","ping_status":"","sticky":false,"template":"","format":"standard","meta":{"footnotes":""},"categories":[1412],"tags":[2077,1451,1452,1453,1454,1455,1011,27,59403,2255,59925,60],"class_list":{"0":"post-475724","1":"post","2":"type-post","3":"status-publish","4":"format-standard","5":"has-post-thumbnail","7":"category-f1","8":"tag-circuit-of-the-americas","9":"tag-f1","10":"tag-formula-1","11":"tag-formula1","12":"tag-formule-1","13":"tag-formule1","14":"tag-fr","15":"tag-france","16":"tag-gp-des-u00c9tats-unis","17":"tag-red-bull","18":"tag-red-bull-sous-enquu00eate-des-commissaires-u00e0-austin","19":"tag-sports"},"share_on_mastodon":{"url":"https:\/\/pubeurope.com\/@fr\/115403230984582162","error":""},"_links":{"self":[{"href":"https:\/\/www.europesays.com\/fr\/wp-json\/wp\/v2\/posts\/475724","targetHints":{"allow":["GET"]}}],"collection":[{"href":"https:\/\/www.europesays.com\/fr\/wp-json\/wp\/v2\/posts"}],"about":[{"href":"https:\/\/www.europesays.com\/fr\/wp-json\/wp\/v2\/types\/post"}],"author":[{"embeddable":true,"href":"https:\/\/www.europesays.com\/fr\/wp-json\/wp\/v2\/users\/2"}],"replies":[{"embeddable":true,"href":"https:\/\/www.europesays.com\/fr\/wp-json\/wp\/v2\/comments?post=475724"}],"version-history":[{"count":0,"href":"https:\/\/www.europesays.com\/fr\/wp-json\/wp\/v2\/posts\/475724\/revisions"}],"wp:featuredmedia":[{"embeddable":true,"href":"https:\/\/www.europesays.com\/fr\/wp-json\/wp\/v2\/media\/475725"}],"wp:attachment":[{"href":"https:\/\/www.europesays.com\/fr\/wp-json\/wp\/v2\/media?parent=475724"}],"wp:term":[{"taxonomy":"category","embeddable":true,"href":"https:\/\/www.europesays.com\/fr\/wp-json\/wp\/v2\/categories?post=475724"},{"taxonomy":"post_tag","embeddable":true,"href":"https:\/\/www.europesays.com\/fr\/wp-json\/wp\/v2\/tags?post=475724"}],"curies":[{"name":"wp","href":"https:\/\/api.w.org\/{rel}","templated":true}]}}