{"id":475729,"date":"2025-10-19T22:40:26","date_gmt":"2025-10-19T22:40:26","guid":{"rendered":"https:\/\/www.europesays.com\/fr\/475729\/"},"modified":"2025-10-19T22:40:26","modified_gmt":"2025-10-19T22:40:26","slug":"christine-bravo-refuse-detre-chroniqueuse-a-cause-de-matthieu-delormeau-cyril-hanouna-balance-tout","status":"publish","type":"post","link":"https:\/\/www.europesays.com\/fr\/475729\/","title":{"rendered":"Christine Bravo refuse d&rsquo;\u00eatre chroniqueuse \u00e0 cause de Matthieu Delormeau, Cyril Hanouna balance tout"},"content":{"rendered":"<p>Cyril Hanouna n\u00a0\u00bba jamais cach\u00e9 son amour pour Christine Bravo.<br \/>\nIl aime particuli\u00e8rement l&rsquo;animatrice qu&rsquo;elle \u00e9tait et qui lui<br \/>\nmanque \u00e9norm\u00e9ment \u00e0 la t\u00e9l\u00e9. \u00c7a tombe bien, puisque cette semaine,<br \/>\nelle \u00e9tait son invit\u00e9e dans Tout beau, tout neuf. Tr\u00e8s rapidement,<br \/>\nl&rsquo;\u00e9nergie de l&rsquo;animatrice et <a href=\"https:\/\/www.melty.fr\/tele\/tbt9-tas-vraiment-un-probleme-avec-le-pognon-christine-bravo-atomise-jordan-de-luxe-2269458.html\" target=\"_blank\" rel=\"noopener\"><br \/>\nses punchlines ont fait mouche<\/a>. Alors forc\u00e9ment, Cyril Hanouna<br \/>\net m\u00eame les chroniqueurs ont profit\u00e9 de sa venue pour lui proposer<br \/>\nde rejoindre l&rsquo;\u00e9quipe.<\/p>\n<p>Pourquoi Christine Bravo refuse de rejoindre l&rsquo;\u00e9quipe de Cyril<br \/>\nHanouna ?<\/p>\n<p>Dans un premier temps, Christine Bravo a r\u00e9v\u00e9l\u00e9 qu&rsquo;elle ne<br \/>\npouvait pas rejoindre l&rsquo;\u00e9quipe des chroniqueurs pour deux raisons.<br \/>\nLa premi\u00e8re concerne l&rsquo;un des chroniqueurs avec qui elle n&rsquo;a pas du<br \/>\ntout envie de travailler. <strong>\u00ab\u00a0D\u00e9j\u00e0, il y a des gens dans<br \/>\ncette \u00e9quipe, pas pr\u00e9sents ici, mais \u00e0 c\u00f4t\u00e9 de qui je m&rsquo;assi\u00e9rais<br \/>\njamais\u00a0\u00bb<\/strong>, a-t-elle d\u00e9clar\u00e9. Sans citer son nom,<br \/>\nChristine Bravo vise tr\u00e8s certainement Matthieu Delormeau, absent<br \/>\nce jour de l&rsquo;\u00e9mission.<\/p>\n<p>Autre raison pour laquelle Christine Bravo ne peut pas rejoindre<br \/>\nl&rsquo;\u00e9mission, c&rsquo;est son lieu de r\u00e9sidence. Elle habite d\u00e9sormais en<br \/>\nCorse et Tout beau, tout neuf est tourn\u00e9 \u00e0 <a href=\"https:\/\/www.melty.fr\/people\/franco-christine-bravo-vide-son-sac-sur-letat-de-paris-lagressivite-des-gens-2269553.html\" target=\"_blank\" rel=\"noopener\"><br \/>\nParis, ville o\u00f9 elle trouve les gens agressifs.<\/a> <strong>\u00ab\u00a0Si<br \/>\nje vivais \u00e0 Paris, je le ferais avec beaucoup de<br \/>\nplaisir\u00a0\u00bb<\/strong>, a-t-elle dit apr\u00e8s avoir r\u00e9v\u00e9l\u00e9 : \u00ab\u00a0Je<br \/>\nvis ma meilleure vie en Corse avec des gens d&rsquo;une solidarit\u00e9, d&rsquo;une<br \/>\ngentillesse\u2026 C&rsquo;est incroyable, je ne comprends pas pourquoi je suis<br \/>\nrest\u00e9e si longtemps Parisienne, dans ce marasme.\u00a0\u00bb<\/p>\n<p>\u00ab\u00a0C&rsquo;est soit je garde Christine Bravo en invit\u00e9e ou Matthieu<br \/>\nDelormeau en tant que chroniqueur\u00a0\u00bb<\/p>\n<p>Mais que s&rsquo;est-il pass\u00e9 entre Christine Bravo et Matthieu<br \/>\nDelormeau ? L&rsquo;origine de leur brouille n&rsquo;est pas connue. En<br \/>\nrevanche, Cyril Hanouna a bien confirm\u00e9 qu&rsquo;il y avait un malaise<br \/>\nentre eux. \u00c0 l&rsquo;\u00e9poque de TPMP en 2018, l&rsquo;animateur a d\u00e9clar\u00e9<br \/>\n:\u00a0\u00ab\u00a0On a dit \u00e0 Christine Bravo : &lsquo;tu viens demain&rsquo;. Elle a<br \/>\ndit d&rsquo;accord. <strong>Ensuite, elle a vu sur Twitter qu&rsquo;il y a<br \/>\navait Matthieu Delormeau dans l&rsquo;\u00e9quipe et je ne sais pas, ils ont<br \/>\nun contentieux tous les deux.<\/strong> Apparement, il y a un<br \/>\nprobl\u00e8me entre Christine Bravo et Matthieu Delormeau. Finalement<br \/>\ncet apr\u00e8s-midi, Christine Bravo a dit que si Matthieu Delormeau<br \/>\n\u00e9tait l\u00e0, elle ne venait pas.\u00a0\u00bb<\/p>\n<p>Contact\u00e9 par la production, Cyril Hanouna a donc d\u00fb faire un<br \/>\nchoix : \u00ab\u00a0On me dit que je dois prendre la d\u00e9cision.<br \/>\n<strong>C&rsquo;est soit je garde Christine Bravo en invit\u00e9e ou Matthieu<br \/>\nDelormeau en tant que chroniqueur.<\/strong> Je dis &lsquo;j&rsquo;ai d\u00e9j\u00e0 fait<br \/>\nl&rsquo;erreur une fois. Si elle ne veut pas venir avec l&rsquo;\u00e9quipe<br \/>\npr\u00e9sente, elle ne vient pas. Je garde Matthieu Delormeau&rsquo;. Je vous<br \/>\nraconte parce que c&rsquo;est \u00e9norme. Matthieu Delormeau a cru que<br \/>\nChristine Bravo venait, donc il a dit que comme elle vient, il ne<br \/>\nvient pas.\u00a0\u00bb Il a fini par conclure en rigolant :<br \/>\n<strong>\u00ab\u00a0Les deux croyaient qu&rsquo;ils venaient et finalement,<br \/>\npersonne n&rsquo;est venu.\u00a0\u00bb<\/strong><\/p>\n<p>Christine Bravo va-t-elle changer<br \/>\nd&rsquo;avis ?<\/p>\n<p>Quelques jours apr\u00e8s son passage dans Tout beau, tout neuf,<br \/>\nChristine Bravo a pris la parole sur Instagram pour avouer avoir<br \/>\npris du plaisir sur l&rsquo;\u00e9mission : \u00ab\u00a0<strong>C\u2019\u00e9tait ma premi\u00e8re<br \/>\nfois dans cette \u00e9mission et \u00e0 ma grande surprise, j\u2019y ai pris du<br \/>\nplaisir !<\/strong>\u00a0Apr\u00e8s les allusions de Gilles Verdez et de<br \/>\nG\u00e9raldine Maillet, vous \u00eates nombreux \u00e0 m\u2019avoir demand\u00e9 si j\u2019allais<br \/>\nint\u00e9grer la bande\u2026vous savez que\u00a0je vis d\u00e9sormais en Corse<br \/>\nmais j\u2019avoue avoir \u00e9t\u00e9 touch\u00e9e et \u00e9branl\u00e9e par l\u2019\u00e9ventualit\u00e9 d\u2019une<br \/>\ncollaboration \u00e9pisodique dans ce format.\u00a0\u00bb<\/p>\n<p>Elle a ensuite ajout\u00e9 :\u00a0\u00ab\u00a0J\u2019ai toujours incarn\u00e9 la femme<br \/>\nlibre, franche et engag\u00e9e que vous avez adoub\u00e9e dans les ann\u00e9es<br \/>\n80\/90\/2000.\u00a0On a beaucoup ri ensemble, avouez. <strong>Vous<br \/>\nretrouver sous l\u2019\u00e9gide de Cyril ne me d\u00e9plairait pas\u2026 Alors qui<br \/>\nsait\u2026<\/strong>\u00ab\u00a0<\/p>\n","protected":false},"excerpt":{"rendered":"Cyril Hanouna n\u00a0\u00bba jamais cach\u00e9 son amour pour Christine Bravo. Il aime particuli\u00e8rement l&rsquo;animatrice qu&rsquo;elle \u00e9tait et qui&hellip;\n","protected":false},"author":2,"featured_media":475730,"comment_status":"","ping_status":"","sticky":false,"template":"","format":"standard","meta":{"footnotes":""},"categories":[1359],"tags":[1083,58,59,1011,27,7830,973],"class_list":{"0":"post-475729","1":"post","2":"type-post","3":"status-publish","4":"format-standard","5":"has-post-thumbnail","7":"category-people","8":"tag-cyril-hanouna","9":"tag-divertissement","10":"tag-entertainment","11":"tag-fr","12":"tag-france","13":"tag-matthieu-delormeau","14":"tag-people"},"share_on_mastodon":{"url":"https:\/\/pubeurope.com\/@fr\/115403241897994495","error":""},"_links":{"self":[{"href":"https:\/\/www.europesays.com\/fr\/wp-json\/wp\/v2\/posts\/475729","targetHints":{"allow":["GET"]}}],"collection":[{"href":"https:\/\/www.europesays.com\/fr\/wp-json\/wp\/v2\/posts"}],"about":[{"href":"https:\/\/www.europesays.com\/fr\/wp-json\/wp\/v2\/types\/post"}],"author":[{"embeddable":true,"href":"https:\/\/www.europesays.com\/fr\/wp-json\/wp\/v2\/users\/2"}],"replies":[{"embeddable":true,"href":"https:\/\/www.europesays.com\/fr\/wp-json\/wp\/v2\/comments?post=475729"}],"version-history":[{"count":0,"href":"https:\/\/www.europesays.com\/fr\/wp-json\/wp\/v2\/posts\/475729\/revisions"}],"wp:featuredmedia":[{"embeddable":true,"href":"https:\/\/www.europesays.com\/fr\/wp-json\/wp\/v2\/media\/475730"}],"wp:attachment":[{"href":"https:\/\/www.europesays.com\/fr\/wp-json\/wp\/v2\/media?parent=475729"}],"wp:term":[{"taxonomy":"category","embeddable":true,"href":"https:\/\/www.europesays.com\/fr\/wp-json\/wp\/v2\/categories?post=475729"},{"taxonomy":"post_tag","embeddable":true,"href":"https:\/\/www.europesays.com\/fr\/wp-json\/wp\/v2\/tags?post=475729"}],"curies":[{"name":"wp","href":"https:\/\/api.w.org\/{rel}","templated":true}]}}