{"id":475731,"date":"2025-10-19T22:41:11","date_gmt":"2025-10-19T22:41:11","guid":{"rendered":"https:\/\/www.europesays.com\/fr\/475731\/"},"modified":"2025-10-19T22:41:11","modified_gmt":"2025-10-19T22:41:11","slug":"une-humiliation-rester-unis-les-reactions-politiques-apres-le-casse-du-siecle","status":"publish","type":"post","link":"https:\/\/www.europesays.com\/fr\/475731\/","title":{"rendered":"Une \u00ab\u00a0humiliation\u00a0\u00bb, rester \u00ab\u00a0unis\u00a0\u00bb\u2026 Les r\u00e9actions politiques apr\u00e8s le casse du si\u00e8cle"},"content":{"rendered":"<p>Le spectaculaire <a href=\"https:\/\/www.20minutes.fr\/faits_divers\/4180214-20251019-cambriolage-louvre-huit-bijoux-voles-commando-quatre-personnes-recherche-sait-vol-musee\" class=\"c-link c-link--is-underlined\" target=\"_blank\" rel=\"noopener\">cambriolage au mus\u00e9e du Louvre<\/a> survenu dimanche matin a provoqu\u00e9 de nombreuses r\u00e9actions dans la classe politique. Le chef du Rassemblement national <a href=\"https:\/\/www.20minutes.fr\/politique\/jordan-bardella\/\" class=\"c-link c-link--is-underlined\" target=\"_blank\" rel=\"noopener\">Jordan Bardella<\/a> qualifie le braquage d&rsquo; \u00ab\u00a0humiliation\u00a0\u00bb, tandis que Marine Le\u00a0Pen parle d&rsquo; \u00ab\u00a0une blessure \u00e0 l\u2019\u00e2me fran\u00e7aise\u00a0\u00bb. De son c\u00f4t\u00e9, l\u2019ancien chef de l\u2019Etat <a href=\"https:\/\/www.20minutes.fr\/politique\/francois-hollande\/\" class=\"c-link c-link--is-underlined\" target=\"_blank\" rel=\"noopener\">Fran\u00e7ois Hollande<\/a> appelle en retour \u00e0 ne pas \u00ab\u00a0d\u00e9clencher des pol\u00e9miques\u00a0\u00bb.<\/p>\n<p>\u00ab\u00a0La responsabilit\u00e9 impose de constater que nos mus\u00e9es et b\u00e2timents historiques ne sont pas s\u00e9curis\u00e9s \u00e0 la hauteur des menaces qui p\u00e8sent sur eux. Il faut r\u00e9agir\u00a0\u00bb, a \u00e9crit sur X la patronne des d\u00e9put\u00e9s RN. Plusieurs de ses d\u00e9put\u00e9s ont eux aussi relay\u00e9 sur le m\u00eame r\u00e9seau social leur indignation et un appel \u00e0 davantage de protection de ces lieux. Jordan Bardella a lui estim\u00e9 que le vol \u00e9tait \u00ab\u00a0une insupportable humiliation pour notre pays\u00a0\u00bb. \u00ab\u00a0Jusqu\u2019o\u00f9 ira le d\u00e9litement de l\u2019Etat\u00a0?\u00a0\u00bb, a-t-il lanc\u00e9.<\/p>\n<p>\u00ab\u00a0La premi\u00e8re des r\u00e9ponses, c\u2019est d\u2019\u00eatre unis\u00a0\u00bb<\/p>\n<p>\u00ab\u00a0Quand on est attaqu\u00e9s, la premi\u00e8re des r\u00e9ponses, c\u2019est d\u2019\u00eatre unis\u00a0\u00bb, et non de \u00ab\u00a0d\u00e9clencher des pol\u00e9miques\u00a0\u00bb, a r\u00e9pondu l\u2019ancien pr\u00e9sident et d\u00e9put\u00e9 socialiste Fran\u00e7ois Hollande, interrog\u00e9 sur BFMTV. <a href=\"https:\/\/www.20minutes.fr\/faits_divers\/diaporama-4180224-images-couronne-eugenie-fenetre-brisee-nacelle-images-cambriolage-louvre\" class=\"c-link c-link--is-underlined\" target=\"_blank\" rel=\"noopener\">Le cambriolage au Louvre<\/a> \u00ab\u00a0est un acte grave, une attaque contre notre patrimoine\u00a0\u00bb, a-t-il ajout\u00e9, en relevant qu\u2019il intervenait \u00ab\u00a0apr\u00e8s une s\u00e9rie de cambriolages dans des mus\u00e9es importants\u00a0\u00bb.<\/p>\n<\/p>\n<p>\u00ab\u00a0Bien s\u00fbr qu\u2019il faut renforcer la s\u00e9curit\u00e9 dans les mus\u00e9es\u00a0\u00bb, a poursuivi Fran\u00e7ois Hollande, mais il faut aussi \u00ab\u00a0faire la chasse \u00e0 ces groupes, ces gangs, ces bandes, voire m\u00eame ces commanditaires, qui sont souvent \u00e0 l\u2019\u00e9tranger, pour r\u00e9cup\u00e9rer des objets d\u2019une exceptionnelle valeur\u00a0\u00bb.<\/p>\n<p>\u00ab\u00a0Nous retrouverons les \u0153uvres\u00a0\u00bb<\/p>\n<p>Le chef du groupe Les R\u00e9publicains \u00e0 l\u2019Assembl\u00e9e, <a href=\"https:\/\/www.20minutes.fr\/dossier\/laurent_wauquiez\" class=\"c-link c-link--is-underlined\" target=\"_blank\" rel=\"noopener\">Laurent Wauquiez<\/a>, a \u00e9galement r\u00e9agi\u00a0: \u00ab\u00a0La France a \u00e9t\u00e9 vol\u00e9e. Nous devons prot\u00e9ger ce que nous avons de plus pr\u00e9cieux\u00a0: notre histoire\u00a0\u00bb.<\/p>\n<p>Emmanuel Macron avait promis sur X dimanche soir\u00a0: \u00ab\u00a0Nous retrouverons les \u0153uvres et les auteurs seront traduits en justice.\u00a0\u00bb \u00ab\u00a0Tout est mis en \u0153uvre, partout, pour y arriver\u00a0\u00bb, a ajout\u00e9 le chef de l\u2019Etat, d\u00e9plorant un vol qui est \u00ab\u00a0une atteinte \u00e0 un patrimoine que nous ch\u00e9rissons car il est notre Histoire\u00a0\u00bb.<\/p>\n","protected":false},"excerpt":{"rendered":"Le spectaculaire cambriolage au mus\u00e9e du Louvre survenu dimanche matin a provoqu\u00e9 de nombreuses r\u00e9actions dans la classe&hellip;\n","protected":false},"author":2,"featured_media":475732,"comment_status":"","ping_status":"","sticky":false,"template":"","format":"standard","meta":{"footnotes":""},"categories":[1358],"tags":[47,1348,1384,1385,1174,1386,58,59,1011,27,3082,1077,5639,11274,430,316],"class_list":{"0":"post-475731","1":"post","2":"type-post","3":"status-publish","4":"format-standard","5":"has-post-thumbnail","7":"category-arts-et-design","8":"tag-actualite","9":"tag-arts","10":"tag-arts-and-design","11":"tag-arts-et-design","12":"tag-cambriolage","13":"tag-design","14":"tag-divertissement","15":"tag-entertainment","16":"tag-fr","17":"tag-france","18":"tag-francois-hollande","19":"tag-jordan-bardella","20":"tag-laurent-wauquiez","21":"tag-louvre","22":"tag-marine-le-pen","23":"tag-politique"},"share_on_mastodon":{"url":"https:\/\/pubeurope.com\/@fr\/115403245726117048","error":""},"_links":{"self":[{"href":"https:\/\/www.europesays.com\/fr\/wp-json\/wp\/v2\/posts\/475731","targetHints":{"allow":["GET"]}}],"collection":[{"href":"https:\/\/www.europesays.com\/fr\/wp-json\/wp\/v2\/posts"}],"about":[{"href":"https:\/\/www.europesays.com\/fr\/wp-json\/wp\/v2\/types\/post"}],"author":[{"embeddable":true,"href":"https:\/\/www.europesays.com\/fr\/wp-json\/wp\/v2\/users\/2"}],"replies":[{"embeddable":true,"href":"https:\/\/www.europesays.com\/fr\/wp-json\/wp\/v2\/comments?post=475731"}],"version-history":[{"count":0,"href":"https:\/\/www.europesays.com\/fr\/wp-json\/wp\/v2\/posts\/475731\/revisions"}],"wp:featuredmedia":[{"embeddable":true,"href":"https:\/\/www.europesays.com\/fr\/wp-json\/wp\/v2\/media\/475732"}],"wp:attachment":[{"href":"https:\/\/www.europesays.com\/fr\/wp-json\/wp\/v2\/media?parent=475731"}],"wp:term":[{"taxonomy":"category","embeddable":true,"href":"https:\/\/www.europesays.com\/fr\/wp-json\/wp\/v2\/categories?post=475731"},{"taxonomy":"post_tag","embeddable":true,"href":"https:\/\/www.europesays.com\/fr\/wp-json\/wp\/v2\/tags?post=475731"}],"curies":[{"name":"wp","href":"https:\/\/api.w.org\/{rel}","templated":true}]}}