{"id":475745,"date":"2025-10-19T22:48:15","date_gmt":"2025-10-19T22:48:15","guid":{"rendered":"https:\/\/www.europesays.com\/fr\/475745\/"},"modified":"2025-10-19T22:48:15","modified_gmt":"2025-10-19T22:48:15","slug":"la-presidente-de-lassemblee-nationale-yael-braun-pivet-na-pas-choisi-son-candidat-favori-au-hasard","status":"publish","type":"post","link":"https:\/\/www.europesays.com\/fr\/475745\/","title":{"rendered":"La pr\u00e9sidente de l\u2019Assembl\u00e9e nationale Ya\u00ebl Braun-Pivet n\u2019a pas choisi son candidat favori au hasard"},"content":{"rendered":"<p>        <img decoding=\"async\" loading=\"lazy\" src=\"https:\/\/www.europesays.com\/fr\/wp-content\/uploads\/2025\/10\/fb423f7_upload-1-l2sepgwqkgfj-afp-20251016-hl-xbouzas-2921423-v1-midres-francepoliticsnoconfiancemot.jpeg\"  width=\"728\" height=\"409\" alt=\"Yael Braun-Pivet, pr\u00e9sidente de l\u2019Assembl\u00e9e nationale, le 16\u00a0octobre 2025.\"\/>  <\/p>\n<p>XOSE BOUZAS \/ Hans Lucas via AFP<\/p>\n<p>Yael Braun-Pivet, pr\u00e9sidente de l\u2019Assembl\u00e9e nationale, le 16\u00a0octobre 2025.<\/p>\n<p class=\"asset asset-text\">DIVERTISSEMENT &#8211; Un soutien inattendu. La pr\u00e9sidente de l\u2019Assembl\u00e9e nationale,<a href=\"https:\/\/www.huffingtonpost.fr\/politique\/article\/la-vision-de-yael-braun-pivet-sur-la-place-du-rn-a-l-assemblee-contestee-jusque-dans-son-camp_255462.html\" target=\"_blank\" rel=\"noopener\"> Ya\u00ebl Braun-Pivet<\/a>, \u00e9tait derri\u00e8re sa t\u00e9l\u00e9vision ce samedi 18\u00a0octobre au soir pour le premier prime de la saison 13 de la <a href=\"https:\/\/www.huffingtonpost.fr\/divertissement\/article\/la-star-academy-revient-sur-tf1-et-voila-ce-qu-elle-a-mis-en-place-face-au-cyberharcelement_256078.html\" target=\"_blank\" rel=\"noopener\">Star Academy sur TF1<\/a>. La d\u00e9put\u00e9e du groupe Ensemble pour la R\u00e9publique a m\u00eame encourag\u00e9 un candidat qui habite dans sa circonscription.<\/p>\n<p class=\"asset asset-text\">\u00ab\u00a0Fi\u00e8re de voir un talent du Mesnil-le-Roi briller sur le plateau de la Star Academy\u00a0!\u00a0\u00bb, a \u00e9crit sur son compte X (ex-Twitter) celle qui est d\u00e9put\u00e9e de la 5e circonscription des Yvelines, o\u00f9 vit donc cet \u00e9l\u00e8ve de la Star Ac\u2019. Et d\u2019ajouter\u00a0: \u00ab\u00a0Bravo Bastiaan, profite de chaque instant, on est tous derri\u00e8re toi\u00a0!\u00a0\u00bb Ya\u00ebl Braun-Pivet, qui a rejoint La R\u00e9publique en Marche en 2016, est d\u00e9put\u00e9e de cette circonscription depuis 2017.<\/p>\n<p class=\"asset asset-text\">Certains internautes ont \u00e9t\u00e9 interloqu\u00e9s que la pr\u00e9sidente de l\u2019Assembl\u00e9e nationale prenne le temps d\u2019\u00e9crire un message et de partager la vid\u00e9o du portrait de l\u2019un des 17\u00a0\u00e9l\u00e8ves du ch\u00e2teau de Dammarie-les-Lys. \u00ab\u00a0Sans d\u00e9conner&#8230; non mais vraiment&#8230; vous n\u2019avez pas mieux \u00e0 faire que de commenter la Star Academy\u00a0?\u00a0\u00bb, s\u2019interroge notamment un utilisateur de X, tandis qu\u2019un autre \u00e9crit sur son compte\u00a0: \u00ab\u00a04e personnage de l\u2019\u00c9tat et elle c\u00e9l\u00e8bre la Star academy comme s\u2019il venait d\u2019int\u00e9grer Harvard. Plus \u00e7a va, plus la macronie confond divertissement et institutions.\u00a0\u00bb<\/p>\n<p> La lecture de ce contenu est susceptible d\u2019entra\u00eener un d\u00e9p\u00f4t de cookies de la part de l\u2019op\u00e9rateur tiers qui l\u2019h\u00e9berge. Compte-tenu des choix que vous avez exprim\u00e9s en mati\u00e8re de d\u00e9p\u00f4t de cookies, nous avons bloqu\u00e9 l\u2019affichage de ce contenu. Si vous souhaitez y acc\u00e9der, vous devez accepter la cat\u00e9gorie de cookies \u201cContenus tiers\u201d en cliquant sur le bouton ci-dessous. <\/p>\n<p> Lire la Vid\u00e9o        <\/p>\n<p class=\"asset asset-text\">Ya\u00ebl Braun-Pivet avait d\u00e9j\u00e0 suscit\u00e9 des critiques sur les r\u00e9seaux sociaux en d\u00e9but de semaine en proposant une r\u00e9forme de la fiscalit\u00e9 sur l\u2019h\u00e9ritage entre g\u00e9n\u00e9rations.<\/p>\n<p class=\"asset asset-text\">Outre le fait qu\u2019il habite dans les Yvelines, Bastiaan se pr\u00e9sente comme un \u00e9l\u00e8ve franco n\u00e9erlandais de 23\u00a0ans qui a \u00e9tudi\u00e9 dans une \u00e9cole de com\u00e9die musicale en Angleterre. Le chanteur a interpr\u00e9t\u00e9 le titre\u00a0Grace Kelly\u00a0de Mika lors de sa premi\u00e8re prestation samedi soir sur le plateau du Studio 217. Son visage n\u2019est pas inconnu des amateurs du petit \u00e9cran\u00a0: Bastiaan a en effet jouer des r\u00f4les dans des s\u00e9ries, dont Jos\u00e9phine, ange gardien.<\/p>\n","protected":false},"excerpt":{"rendered":"XOSE BOUZAS \/ Hans Lucas via AFP Yael Braun-Pivet, pr\u00e9sidente de l\u2019Assembl\u00e9e nationale, le 16\u00a0octobre 2025. DIVERTISSEMENT &#8211;&hellip;\n","protected":false},"author":2,"featured_media":475746,"comment_status":"","ping_status":"","sticky":false,"template":"","format":"standard","meta":{"footnotes":""},"categories":[8],"tags":[58,59,1011,27,59926,5095,6385],"class_list":{"0":"post-475745","1":"post","2":"type-post","3":"status-publish","4":"format-standard","5":"has-post-thumbnail","7":"category-divertissement","8":"tag-divertissement","9":"tag-entertainment","10":"tag-fr","11":"tag-france","12":"tag-presidence-de-l-assemblee-nationale","13":"tag-star-academy","14":"tag-yael-braun-pivet"},"share_on_mastodon":{"url":"https:\/\/pubeurope.com\/@fr\/115403273929038425","error":""},"_links":{"self":[{"href":"https:\/\/www.europesays.com\/fr\/wp-json\/wp\/v2\/posts\/475745","targetHints":{"allow":["GET"]}}],"collection":[{"href":"https:\/\/www.europesays.com\/fr\/wp-json\/wp\/v2\/posts"}],"about":[{"href":"https:\/\/www.europesays.com\/fr\/wp-json\/wp\/v2\/types\/post"}],"author":[{"embeddable":true,"href":"https:\/\/www.europesays.com\/fr\/wp-json\/wp\/v2\/users\/2"}],"replies":[{"embeddable":true,"href":"https:\/\/www.europesays.com\/fr\/wp-json\/wp\/v2\/comments?post=475745"}],"version-history":[{"count":0,"href":"https:\/\/www.europesays.com\/fr\/wp-json\/wp\/v2\/posts\/475745\/revisions"}],"wp:featuredmedia":[{"embeddable":true,"href":"https:\/\/www.europesays.com\/fr\/wp-json\/wp\/v2\/media\/475746"}],"wp:attachment":[{"href":"https:\/\/www.europesays.com\/fr\/wp-json\/wp\/v2\/media?parent=475745"}],"wp:term":[{"taxonomy":"category","embeddable":true,"href":"https:\/\/www.europesays.com\/fr\/wp-json\/wp\/v2\/categories?post=475745"},{"taxonomy":"post_tag","embeddable":true,"href":"https:\/\/www.europesays.com\/fr\/wp-json\/wp\/v2\/tags?post=475745"}],"curies":[{"name":"wp","href":"https:\/\/api.w.org\/{rel}","templated":true}]}}