{"id":475749,"date":"2025-10-19T22:50:18","date_gmt":"2025-10-19T22:50:18","guid":{"rendered":"https:\/\/www.europesays.com\/fr\/475749\/"},"modified":"2025-10-19T22:50:18","modified_gmt":"2025-10-19T22:50:18","slug":"leffet-boomerang-de-la-stabilite-politique","status":"publish","type":"post","link":"https:\/\/www.europesays.com\/fr\/475749\/","title":{"rendered":"\u00abL\u2019effet boomerang de la \u201cstabilit\u00e9 politique\u201d\u00bb"},"content":{"rendered":"<p>\n    <strong>CONTRE-POINT<\/strong> &#8211; L\u00e0 o\u00f9 Emmanuel Macron, S\u00e9bastien Lecornu, les ministres et les d\u00e9put\u00e9s qui les soutiennent ou les \u00e9pargnent ne se soucient que de stabilit\u00e9 politique, les acteurs \u00e9conomiques et financiers redoutent un surcro\u00eet d\u2019instabilit\u00e9 budg\u00e9taire.<\/p>\n<p class=\"fig-paragraph\">C\u2019est le nouveau mantra de\u00a0<a href=\"http:\/\/www.lefigaro.fr\/politique\/dossier\/crise-politique\" data-fig-type=\"Topic\" data-gtm-custom-categorie=\"navigation\" data-gtm-custom-action=\"crossclick\" data-gtm-custom-label=\"Contextuel\" data-gtm-event=\"customEventSPE\" data-fig-domain=\"LEFIGARO\" target=\"_blank\" rel=\"noopener\">la vie politique fran\u00e7aise<\/a>\u00a0: la \u00ab\u00a0stabilit\u00e9\u00a0\u00bb. Depuis qu\u2019ils ont\u00a0<a href=\"http:\/\/www.lefigaro.fr\/politique\/assemblee-nationale-sebastien-lecornu-echappe-a-sa-premiere-motion-de-censure-20251016\" data-fig-type=\"NewsFlash\" data-gtm-custom-categorie=\"navigation\" data-gtm-custom-action=\"crossclick\" data-gtm-custom-label=\"Contextuel\" data-gtm-event=\"customEventSPE\" data-fig-domain=\"LEFIGARO\" target=\"_blank\" rel=\"noopener\">permis \u00e0 S\u00e9bastien Lecornu d\u2019\u00e9chapper \u00e0 la censure<\/a>\u00a0&#8211; et qu\u2019ils ont \u00e9vit\u00e9 pour eux-m\u00eames un retour devant les \u00e9lecteurs -, d\u00e9put\u00e9s socialistes, centristes et R\u00e9publicains sont soulag\u00e9s. Avec la bonne conscience d\u2019appartenir \u00e0 un \u00ab\u00a0arc r\u00e9publicain\u00a0\u00bb dont ils ont eux-m\u00eames d\u00e9fini le p\u00e9rim\u00e8tre, ils s\u2019enorgueillissent d\u2019avoir garanti la \u00ab\u00a0stabilit\u00e9 politique\u00a0\u00bb du pays. Pour les d\u00e9put\u00e9s de l\u2019ex-majorit\u00e9 macroniste et ceux du groupe de\u00a0<a href=\"http:\/\/www.lefigaro.fr\/politique\/le-piege-tendu-par-macron-a-wauquiez-pendant-le-remaniement-les-indiscrets-du-figaro-20251017\" data-fig-type=\"NewsFlash\" data-gtm-custom-categorie=\"navigation\" data-gtm-custom-action=\"crossclick\" data-gtm-custom-label=\"Contextuel\" data-gtm-event=\"customEventSPE\" data-fig-domain=\"LEFIGARO\" target=\"_blank\" rel=\"noopener\">Laurent Wauquiez<\/a>, avoir conc\u00e9d\u00e9 au PS\u00a0<a href=\"http:\/\/www.lefigaro.fr\/conjoncture\/simulateur-retraite-a-quel-age-allez-vous-pouvoir-finalement-partir-avec-la-suspension-de-la-reforme-20251017\" data-fig-type=\"NewsFlash\" data-gtm-custom-categorie=\"navigation\" data-gtm-custom-action=\"crossclick\" data-gtm-custom-label=\"Contextuel\" data-gtm-event=\"customEventSPE\" data-fig-domain=\"LEFIGARO\" target=\"_blank\" rel=\"noopener\">la \u00ab\u00a0suspension\u00a0\u00bb de la r\u00e9forme des retraites<\/a>\u00a0ne serait donc qu\u2019un moindre mal, puisque le prix de la censure &#8211; l\u2019absence de budget vot\u00e9 &#8211; aurait \u00e9t\u00e9 plus \u00e9lev\u00e9 que le manque \u00e0 gagner sur les retraites. \u00ab\u00a0La n\u00e9cessit\u00e9 de stabilit\u00e9 est devenue sup\u00e9rieure au co\u00fbt du compromis\u00a0\u00bb, pr\u00e9tend dans Le Parisien la porte-parole du gouvernement, Maud Br\u00e9geon.<\/p>\n<p class=\"fig-paragraph\"><a href=\"http:\/\/www.lefigaro.fr\/conjoncture\/s-p-abaisse-la-note-de-la-france-a-a-incertitude-elevee-sur-les-finances-publiques-20251017\" data-fig-type=\"NewsFlash\" data-gtm-custom-categorie=\"navigation\" data-gtm-custom-action=\"crossclick\" data-gtm-custom-label=\"Contextuel\" data-gtm-event=\"customEventSPE\" data-fig-domain=\"LEFIGARO\" target=\"_blank\" rel=\"noopener\">La d\u00e9gradation de la note de la France par l\u2019agence S&amp;P<\/a>\u00a0vient\u2026<\/p>\n<p class=\"fig-premium-paywall__infos\">\n        Cet article est r\u00e9serv\u00e9 aux abonn\u00e9s.        Il vous reste 70% \u00e0 d\u00e9couvrir.\n    <\/p>\n<p>                <img  data- alt=\"Le Figaro\" class=\"fig-img--complete fig-img\"\/><\/p>\n<p class=\"fig-premium-paywall__title\">Vous avez envie de lire la suite ?<\/p>\n<p class=\"fig-premium-paywall__subtitle\">D\u00e9bloquez tous les articles imm\u00e9diatement.<\/p>\n<p class=\"fig-premium-paywall__connect\">\n                D\u00e9j\u00e0 abonn\u00e9\u00a0?                <a class=\"fig-premium-paywall__connect-link\" href=\"https:\/\/connect.lefigaro.fr\/login?client=horizon_web&amp;type=main&amp;redirect_uri=https%3A%2F%2Fwww.lefigaro.fr%2Fpolitique%2Fguillaume-tabard-l-effet-boomerang-de-la-stabilite-politique-20251019\" data-js-gtm=\"{&quot;customCategorie&quot;: &quot;conversion&quot;, &quot;customAction&quot;: &quot;before_Landing_Connexion_paywall_auto&quot;, &quot;customLabel&quot;: &quot;bGVmaWdhcm8uZnJfXzFmMGFjZTlhLTYxZWQtNmJjMi05YjZjLTkzNjU5OGJiMDE3ZF9fQXJ0aWNsZQ==_Guillaume Tabard\u00a0: \u00abL\u2019effet boomerang de la \u201cstabilit\u00e9 politique\u201d\u00bb_58&quot;, &quot;customIDSPE&quot;: &quot;bGVmaWdhcm8uZnJfXzFmMGFjZTlhLTYxZWQtNmJjMi05YjZjLTkzNjU5OGJiMDE3ZF9fQXJ0aWNsZQ==&quot;, &quot;event&quot;: &quot;customEventSPE&quot;}\" target=\"_blank\" rel=\"noopener\"><br \/>\n                    Connectez-vous<br \/>\n                <\/a>\n            <\/p>\n","protected":false},"excerpt":{"rendered":"CONTRE-POINT &#8211; L\u00e0 o\u00f9 Emmanuel Macron, S\u00e9bastien Lecornu, les ministres et les d\u00e9put\u00e9s qui les soutiennent ou les&hellip;\n","protected":false},"author":2,"featured_media":475750,"comment_status":"","ping_status":"","sticky":false,"template":"","format":"standard","meta":{"footnotes":""},"categories":[6],"tags":[1003,35,33,34,1011,27,56803,11067],"class_list":{"0":"post-475749","1":"post","2":"type-post","3":"status-publish","4":"format-standard","5":"has-post-thumbnail","7":"category-economie","8":"tag-budget","9":"tag-business","10":"tag-economie","11":"tag-economy","12":"tag-fr","13":"tag-france","14":"tag-roland-lescure","15":"tag-sebastien-lecornu"},"share_on_mastodon":{"url":"https:\/\/pubeurope.com\/@fr\/115403281820824247","error":""},"_links":{"self":[{"href":"https:\/\/www.europesays.com\/fr\/wp-json\/wp\/v2\/posts\/475749","targetHints":{"allow":["GET"]}}],"collection":[{"href":"https:\/\/www.europesays.com\/fr\/wp-json\/wp\/v2\/posts"}],"about":[{"href":"https:\/\/www.europesays.com\/fr\/wp-json\/wp\/v2\/types\/post"}],"author":[{"embeddable":true,"href":"https:\/\/www.europesays.com\/fr\/wp-json\/wp\/v2\/users\/2"}],"replies":[{"embeddable":true,"href":"https:\/\/www.europesays.com\/fr\/wp-json\/wp\/v2\/comments?post=475749"}],"version-history":[{"count":0,"href":"https:\/\/www.europesays.com\/fr\/wp-json\/wp\/v2\/posts\/475749\/revisions"}],"wp:featuredmedia":[{"embeddable":true,"href":"https:\/\/www.europesays.com\/fr\/wp-json\/wp\/v2\/media\/475750"}],"wp:attachment":[{"href":"https:\/\/www.europesays.com\/fr\/wp-json\/wp\/v2\/media?parent=475749"}],"wp:term":[{"taxonomy":"category","embeddable":true,"href":"https:\/\/www.europesays.com\/fr\/wp-json\/wp\/v2\/categories?post=475749"},{"taxonomy":"post_tag","embeddable":true,"href":"https:\/\/www.europesays.com\/fr\/wp-json\/wp\/v2\/tags?post=475749"}],"curies":[{"name":"wp","href":"https:\/\/api.w.org\/{rel}","templated":true}]}}