{"id":47581,"date":"2025-04-23T21:42:10","date_gmt":"2025-04-23T21:42:10","guid":{"rendered":"https:\/\/www.europesays.com\/fr\/47581\/"},"modified":"2025-04-23T21:42:10","modified_gmt":"2025-04-23T21:42:10","slug":"je-ne-suis-pas-meilleur-je-suis-different","status":"publish","type":"post","link":"https:\/\/www.europesays.com\/fr\/47581\/","title":{"rendered":"Je ne suis pas meilleur, je suis diff\u00e9rent"},"content":{"rendered":"<p>Alors que le championnat entre dans sa phase europ\u00e9enne et que <a href=\"https:\/\/fr.motorsport.com\/driver\/marc-marquez\/92646\/\" target=\"_blank\" rel=\"noopener\">Marc M\u00e1rquez<\/a> s&rsquo;appr\u00eate pour cela \u00e0 retrouver le public espagnol, c&rsquo;est lui qui appara\u00eet en leader indiscutable du MotoGP. Redevenu pilote officiel, d\u00e9sormais pour Ducati, il a retrouv\u00e9 sa plus grande efficacit\u00e9 et prouve chaque week-end qu&rsquo;il est capable de se montrer rapide, de g\u00e9rer ses courses, voire de jouer avec ses adversaires.<\/p>\n<p>Bien que vainqueur de trois des quatre Grands Prix disput\u00e9s jusqu&rsquo;ici, il r\u00e9fute l&rsquo;id\u00e9e selon laquelle il serait en train d&rsquo;installer une quelconque sup\u00e9riorit\u00e9 sur le MotoGP. \u00ab\u00a0C&rsquo;est le mot que j&rsquo;essaie d&rsquo;\u00e9viter, \u00e7a fait un peu baisser la garde et \u00e7a conduit \u00e0 faire des erreurs\u00a0\u00bb, a-t-il point\u00e9 ce mardi en participant \u00e0 une conf\u00e9rence de presse \u00e0 Madrid.<\/p>\n<p>Des erreurs, il n&rsquo;en a v\u00e9ritablement commis qu&rsquo;une seule \u00e0 ce stade de la saison. \u00ab\u00a0Celle d&rsquo;Austin n&rsquo;\u00e9tait pas due \u00e0 un exc\u00e8s de confiance\u00a0\u00bb, assure-t-il. \u00ab\u00a0La derni\u00e8re fois que je me suis senti comme \u00e7a sur une moto, c&rsquo;\u00e9tait en 2019. Les choses se passaient bien pour moi, et c&rsquo;est le cas aujourd&rsquo;hui aussi. Mais mes adversaires s&rsquo;am\u00e9liorent et se rapprochent de plus en plus.\u00a0\u00bb<\/p>\n<p>Lors de son dernier titre, il y a six ans, M\u00e1rquez avait commis une erreur similaire au Texas, mais il avait surtout cumul\u00e9 les succ\u00e8s de fa\u00e7on impressionnante en dehors de ce faux-pas, jusqu&rsquo;\u00e0 marquer le plus grand nombre de points vu \u00e0 l&rsquo;\u00e9poque. \u00c0 ce jour, tout laisse \u00e0 penser qu&rsquo;il est lanc\u00e9 dans la m\u00eame dynamique. Et pourtant, il ne se consid\u00e8re pas meilleur qu&rsquo;il l&rsquo;\u00e9tait \u00e0 l&rsquo;\u00e9poque, en d\u00e9pit de tout ce que l&rsquo;exp\u00e9rience douloureuse de ces derni\u00e8res ann\u00e9es a pu lui apporter.<\/p>\n<p>Lire aussi :<\/p>\n<p>\u00ab\u00a0Je ne peux pas me consid\u00e9rer meilleur pilote qu&rsquo;avant 2020, apr\u00e8s quatre op\u00e9rations au bras\u00a0\u00bb, souligne-t-il. \u00ab\u00a0Je dois travailler plus dur pour y arriver, mais j&rsquo;y suis pr\u00eat et maintenant que j&rsquo;y suis arriv\u00e9, j&rsquo;essaie d&rsquo;oublier mon bras. \u00c7a faisait de nombreuses ann\u00e9es que \u00e7a ne m&rsquo;\u00e9tait pas arriv\u00e9. Mais c&rsquo;est une roue qui tourne, on gagne en confiance, en physique, et on pense moins aux probl\u00e8mes. Avec le kin\u00e9, je me suis plaint mon \u00e9paule gauche et il m&rsquo;a dit que \u00e7a faisait longtemps que je ne l&rsquo;avais pas fait\u00a0:\u00a0c&rsquo;est bon signe.\u00a0\u00bb<\/p>\n<p>   <img decoding=\"async\" draggable=\"false\" src=\"https:\/\/www.europesays.com\/fr\/wp-content\/uploads\/2025\/04\/1745444530_588_marc-marquez-ducati-team.jpg\" alt=\"Marc M\u00e1rquez a pratiquement tout gagn\u00e9 lors des quatre premiers Grands Prix de la saison.\" width=\"1200\" height=\"800\" loading=\"lazy\"\/> <\/p>\n<p class=\"title\">Marc M\u00e1rquez a pratiquement tout gagn\u00e9 lors des quatre premiers Grands Prix de la saison.<\/p>\n<p class=\"photographer\">Photo de: Ducati Corse<\/p>\n<p>\u00ab\u00a0Je ne suis pas meilleur qu&rsquo;en 2019, je suis diff\u00e9rent\u00a0\u00bb, reprend l&rsquo;Espagnol. \u00ab\u00a0J&rsquo;ai une mentalit\u00e9 diff\u00e9rente. Je n&rsquo;ose pas dire que je suis plus fort, mais je suis beaucoup plus calme. En 2019, la seule chose qui comptait pour moi, c&rsquo;\u00e9tait de gagner, j&rsquo;avais \u00e7a en moi. Cette ann\u00e9e, la pression est la m\u00eame, mais personnellement, je ne me sens pas oblig\u00e9 de gagner.<\/p>\n<p>\u00ab\u00a0Avec tout ce qui s&rsquo;est pass\u00e9, je suis heureux. Je ne me sens pas redevable envers moi-m\u00eame. J&rsquo;ai fait tout ce qui \u00e9tait en mon pouvoir, et je suis l\u00e0 o\u00f9 je voulais \u00eatre, et je d\u00e9croche des victoires et des podiums tous les week-ends.\u00a0\u00bb<\/p>\n<p>M\u00e1rquez \u00ab\u00a0profite plus qu&rsquo;avant\u00a0\u00bb de ses succ\u00e8s<\/p>\n<p>Interrog\u00e9 pour savoir s&rsquo;il avait r\u00e9ussi \u00e0 dig\u00e9rer tout ce qu&rsquo;il a travers\u00e9 depuis cette fameuse chute au GP d&rsquo;Espagne 2020, l&rsquo;octuple champion du monde souligne la saveur particuli\u00e8re de ses succ\u00e8s actuels. \u00ab\u00a0Apr\u00e8s une p\u00e9riode de r\u00e9cup\u00e9ration aussi longue, j&rsquo;appr\u00e9cie davantage ce qui se passe et le moment que l&rsquo;on vit, mon fr\u00e8re et moi. Chaque samedi, je lui dis que \u00e7a n&rsquo;est pas normal. Tous les week-ends ne se passeront pas comme \u00e7a, mais oui, j&rsquo;en profite plus qu&rsquo;avant. Ce n&rsquo;est pas normal de gagner.\u00a0\u00bb<\/p>\n<p>Apr\u00e8s avoir d&rsquo;ores et d\u00e9j\u00e0 pass\u00e9 le cap des 90 victoires toutes cat\u00e9gories confondues, Marc M\u00e1rquez semble avoir devant lui une autoroute vers d&rsquo;autres succ\u00e8s historiques qui renforceraient un peu plus encore sa place dans les annales des Grands Prix moto. Lui se plait toutefois \u00e0 rappeler que sa carri\u00e8re est \u00e9crite et qu&rsquo;elle lui convient comme cela, ce qui fait de toute nouvelle victoire un bonus&#8230;<\/p>\n<p>\u00ab\u00a0Si l&rsquo;id\u00e9e est de se battre pour un titre, je pense que je suis au meilleur endroit, avec une \u00e9quipe officielle et une moto officielle. Quand on a ces armes, il ne te manque rien. Je suis dans la situation id\u00e9ale et c&rsquo;est entre mes mains\u00a0\u00bb,\u00a0ajoute-t-il, peut-\u00eatre encore plus redoutable maintenant qu&rsquo;il est ainsi lib\u00e9r\u00e9 de toute pression&#8230;<\/p>\n<p>Lire aussi :<\/p>\n<p>Dans cet article<\/p>\n<p>    L\u00e9na Buffa\n<\/p>\n<p>    MotoGP\n<\/p>\n<p>    Marc M\u00e1rquez\n<\/p>\n<p>    Ducati Team\n<\/p>\n<p>Soyez le premier inform\u00e9 et souscrivez aux alertes mails pour recevoir les infos en temps r\u00e9el<\/p>\n<p>    S&rsquo;abonner aux alertes de news<\/p>\n","protected":false},"excerpt":{"rendered":"Alors que le championnat entre dans sa phase europ\u00e9enne et que Marc M\u00e1rquez s&rsquo;appr\u00eate pour cela \u00e0 retrouver&hellip;\n","protected":false},"author":2,"featured_media":47582,"comment_status":"","ping_status":"","sticky":false,"template":"","format":"standard","meta":{"footnotes":""},"categories":[1413],"tags":[4950,1011,27,5038,1457,1456,1458,60],"class_list":{"0":"post-47581","1":"post","2":"type-post","3":"status-publish","4":"format-standard","5":"has-post-thumbnail","7":"category-moto","8":"tag-ducati-team","9":"tag-fr","10":"tag-france","11":"tag-marc-mu00e1rquez","12":"tag-moto","13":"tag-motocycle","14":"tag-motogp","15":"tag-sports"},"share_on_mastodon":{"url":"https:\/\/pubeurope.com\/@fr\/114389460182726751","error":""},"_links":{"self":[{"href":"https:\/\/www.europesays.com\/fr\/wp-json\/wp\/v2\/posts\/47581","targetHints":{"allow":["GET"]}}],"collection":[{"href":"https:\/\/www.europesays.com\/fr\/wp-json\/wp\/v2\/posts"}],"about":[{"href":"https:\/\/www.europesays.com\/fr\/wp-json\/wp\/v2\/types\/post"}],"author":[{"embeddable":true,"href":"https:\/\/www.europesays.com\/fr\/wp-json\/wp\/v2\/users\/2"}],"replies":[{"embeddable":true,"href":"https:\/\/www.europesays.com\/fr\/wp-json\/wp\/v2\/comments?post=47581"}],"version-history":[{"count":0,"href":"https:\/\/www.europesays.com\/fr\/wp-json\/wp\/v2\/posts\/47581\/revisions"}],"wp:featuredmedia":[{"embeddable":true,"href":"https:\/\/www.europesays.com\/fr\/wp-json\/wp\/v2\/media\/47582"}],"wp:attachment":[{"href":"https:\/\/www.europesays.com\/fr\/wp-json\/wp\/v2\/media?parent=47581"}],"wp:term":[{"taxonomy":"category","embeddable":true,"href":"https:\/\/www.europesays.com\/fr\/wp-json\/wp\/v2\/categories?post=47581"},{"taxonomy":"post_tag","embeddable":true,"href":"https:\/\/www.europesays.com\/fr\/wp-json\/wp\/v2\/tags?post=47581"}],"curies":[{"name":"wp","href":"https:\/\/api.w.org\/{rel}","templated":true}]}}