{"id":475829,"date":"2025-10-19T23:40:15","date_gmt":"2025-10-19T23:40:15","guid":{"rendered":"https:\/\/www.europesays.com\/fr\/475829\/"},"modified":"2025-10-19T23:40:15","modified_gmt":"2025-10-19T23:40:15","slug":"tivoly-lance-peugeot-outils-professionnels-en-france-et-en-espagne-avec-zee-group","status":"publish","type":"post","link":"https:\/\/www.europesays.com\/fr\/475829\/","title":{"rendered":"Tivoly lance Peugeot Outils Professionnels en France et en Espagne avec Zee Group"},"content":{"rendered":"<p>Tivoly, filiale du groupe Peugeot Fr\u00e8res Industrie, a choisi Zee Group pour accompagner la cr\u00e9ation et le lancement de son offre Peugeot Outils Professionnels en France et en Espagne.<\/p>\n<p>Dans le cadre de cette collaboration, les diff\u00e9rentes agences de Zee Group ont uni leurs expertises afin de poser les fondations strat\u00e9giques, cr\u00e9atives et digitales de la marque.<\/p>\n<p>Avec Line-Up Media en France<\/p>\n<p>Ainsi, Zee Agency, l\u2019agence de communication globale du groupe, a travaill\u00e9 en coordination avec les agences m\u00e9dias Line-Up Media (France) et Mediaplus Equmedia (Espagne) pour la campagne de lancement, ainsi que pour la cr\u00e9ation des assets m\u00e9dias print, digitaux et DOOH.<\/p>\n<p>De son c\u00f4t\u00e9, Agat, agence de webmarketing, data &amp; analytics, a assur\u00e9 l\u2019audit et l\u2019optimisation SEO du site et a accompagn\u00e9 la marque dans la r\u00e9daction des contenus afin de maximiser sa visibilit\u00e9 d\u00e8s son lancement.<\/p>\n","protected":false},"excerpt":{"rendered":"Tivoly, filiale du groupe Peugeot Fr\u00e8res Industrie, a choisi Zee Group pour accompagner la cr\u00e9ation et le lancement&hellip;\n","protected":false},"author":2,"featured_media":475830,"comment_status":"","ping_status":"","sticky":false,"template":"","format":"standard","meta":{"footnotes":""},"categories":[4],"tags":[11,1011,27,12141,12,25],"class_list":{"0":"post-475829","1":"post","2":"type-post","3":"status-publish","4":"format-standard","5":"has-post-thumbnail","7":"category-france","8":"tag-actualites","9":"tag-fr","10":"tag-france","11":"tag-marque","12":"tag-news","13":"tag-republique-francaise"},"share_on_mastodon":{"url":"https:\/\/pubeurope.com\/@fr\/115403477665220846","error":""},"_links":{"self":[{"href":"https:\/\/www.europesays.com\/fr\/wp-json\/wp\/v2\/posts\/475829","targetHints":{"allow":["GET"]}}],"collection":[{"href":"https:\/\/www.europesays.com\/fr\/wp-json\/wp\/v2\/posts"}],"about":[{"href":"https:\/\/www.europesays.com\/fr\/wp-json\/wp\/v2\/types\/post"}],"author":[{"embeddable":true,"href":"https:\/\/www.europesays.com\/fr\/wp-json\/wp\/v2\/users\/2"}],"replies":[{"embeddable":true,"href":"https:\/\/www.europesays.com\/fr\/wp-json\/wp\/v2\/comments?post=475829"}],"version-history":[{"count":0,"href":"https:\/\/www.europesays.com\/fr\/wp-json\/wp\/v2\/posts\/475829\/revisions"}],"wp:featuredmedia":[{"embeddable":true,"href":"https:\/\/www.europesays.com\/fr\/wp-json\/wp\/v2\/media\/475830"}],"wp:attachment":[{"href":"https:\/\/www.europesays.com\/fr\/wp-json\/wp\/v2\/media?parent=475829"}],"wp:term":[{"taxonomy":"category","embeddable":true,"href":"https:\/\/www.europesays.com\/fr\/wp-json\/wp\/v2\/categories?post=475829"},{"taxonomy":"post_tag","embeddable":true,"href":"https:\/\/www.europesays.com\/fr\/wp-json\/wp\/v2\/tags?post=475829"}],"curies":[{"name":"wp","href":"https:\/\/api.w.org\/{rel}","templated":true}]}}