{"id":475833,"date":"2025-10-19T23:44:14","date_gmt":"2025-10-19T23:44:14","guid":{"rendered":"https:\/\/www.europesays.com\/fr\/475833\/"},"modified":"2025-10-19T23:44:14","modified_gmt":"2025-10-19T23:44:14","slug":"les-courts-de-nanterre-presque-prets-a-accueillir-les-stars","status":"publish","type":"post","link":"https:\/\/www.europesays.com\/fr\/475833\/","title":{"rendered":"les courts de Nanterre presque pr\u00eats \u00e0 accueillir les stars"},"content":{"rendered":"<p>                <img decoding=\"async\" src=\"https:\/\/www.europesays.com\/fr\/wp-content\/uploads\/2025\/10\/HHtA.jpg\" fetchpriority=\"high\" alt=\"Un nouveau chapitre pour le Rolex Paris Masters : les courts de Nanterre presque pr\u00eats \u00e0 accueillir les stars\"\/><\/p>\n<p>\u00c0 quelques jours du coup d\u2019envoi des qualifications, les travaux battent leur plein \u00e0 Paris La D\u00e9fense Arena. Les courts du Rolex Paris Masters prennent forme, promettant une \u00e9dition spectaculaire dans un \u00e9crin in\u00e9dit.<\/p>\n<p>Le Rolex Paris Masters va conna\u00eetre un changement majeur cette ann\u00e9e. Apr\u00e8s 38 \u00e9ditions (depuis sa cr\u00e9ation en 1986) organis\u00e9es dans l\u2019enceinte de Bercy, le Masters 1000 d\u00e9m\u00e9nage du c\u00f4t\u00e9 de Nanterre, \u00e0 Paris La D\u00e9fense Arena.<\/p>\n<p>Un changement qui permettra notamment d\u2019avoir trois courts annexes (deux utilis\u00e9s pour le tableau principal, trois pour les qualifications) et de r\u00e9pondre aux normes impos\u00e9es par l\u2019ATP.<\/p>\n<p>\u00c0 six jours du coup d\u2019envoi des qualifications, la construction des courts progresse (voir publication ci-dessous). Ils seront, comme chaque ann\u00e9e depuis 2017, verts et gris.<\/p>\n<p>Le court central pourra accueillir jusqu\u2019\u00e0 17 500 spectateurs (un record en indoor), tandis que les courts n\u00b01 et n\u00b02 auront une capacit\u00e9 de 4000 places.<\/p>\n","protected":false},"excerpt":{"rendered":"\u00c0 quelques jours du coup d\u2019envoi des qualifications, les travaux battent leur plein \u00e0 Paris La D\u00e9fense Arena.&hellip;\n","protected":false},"author":2,"featured_media":475834,"comment_status":"","ping_status":"","sticky":false,"template":"","format":"standard","meta":{"footnotes":""},"categories":[1415],"tags":[1011,27,60,1467],"class_list":{"0":"post-475833","1":"post","2":"type-post","3":"status-publish","4":"format-standard","5":"has-post-thumbnail","7":"category-tennis","8":"tag-fr","9":"tag-france","10":"tag-sports","11":"tag-tennis"},"share_on_mastodon":{"url":"https:\/\/pubeurope.com\/@fr\/115403493924006968","error":""},"_links":{"self":[{"href":"https:\/\/www.europesays.com\/fr\/wp-json\/wp\/v2\/posts\/475833","targetHints":{"allow":["GET"]}}],"collection":[{"href":"https:\/\/www.europesays.com\/fr\/wp-json\/wp\/v2\/posts"}],"about":[{"href":"https:\/\/www.europesays.com\/fr\/wp-json\/wp\/v2\/types\/post"}],"author":[{"embeddable":true,"href":"https:\/\/www.europesays.com\/fr\/wp-json\/wp\/v2\/users\/2"}],"replies":[{"embeddable":true,"href":"https:\/\/www.europesays.com\/fr\/wp-json\/wp\/v2\/comments?post=475833"}],"version-history":[{"count":0,"href":"https:\/\/www.europesays.com\/fr\/wp-json\/wp\/v2\/posts\/475833\/revisions"}],"wp:featuredmedia":[{"embeddable":true,"href":"https:\/\/www.europesays.com\/fr\/wp-json\/wp\/v2\/media\/475834"}],"wp:attachment":[{"href":"https:\/\/www.europesays.com\/fr\/wp-json\/wp\/v2\/media?parent=475833"}],"wp:term":[{"taxonomy":"category","embeddable":true,"href":"https:\/\/www.europesays.com\/fr\/wp-json\/wp\/v2\/categories?post=475833"},{"taxonomy":"post_tag","embeddable":true,"href":"https:\/\/www.europesays.com\/fr\/wp-json\/wp\/v2\/tags?post=475833"}],"curies":[{"name":"wp","href":"https:\/\/api.w.org\/{rel}","templated":true}]}}