{"id":475835,"date":"2025-10-19T23:46:21","date_gmt":"2025-10-19T23:46:21","guid":{"rendered":"https:\/\/www.europesays.com\/fr\/475835\/"},"modified":"2025-10-19T23:46:21","modified_gmt":"2025-10-19T23:46:21","slug":"je-ne-vois-pas-trop-de-positif-de-ce-week-end","status":"publish","type":"post","link":"https:\/\/www.europesays.com\/fr\/475835\/","title":{"rendered":"Je ne vois pas trop de positif de ce week-end"},"content":{"rendered":"<p>Sans grande surprise, <a href=\"https:\/\/fr.motorsport.com\/driver\/fabio-quartararo\/109400\/\" target=\"_blank\" rel=\"noopener\">Fabio Quartararo<\/a> n&rsquo;aura pas converti sa pole position en victoire, ce dimanche \u00e0 Phillip Island. Sur un circuit qui lui avait particuli\u00e8rement r\u00e9ussi, la pole position du Fran\u00e7ais apr\u00e8s un tour magistral ou la troisi\u00e8me place inattendue de <a href=\"https:\/\/fr.motorsport.com\/driver\/jack-miller\/96423\/\" target=\"_blank\" rel=\"noopener\">Jack Miller<\/a> \u00e0 domicile, ont fait lever plus d&rsquo;un sourcil.\u00a0<\/p>\n<p>Cette forme qu&rsquo;on ne lui attendait pas n&rsquo;a pas dur\u00e9. En sprint, Fabio Quartararo a d\u00e9gringol\u00e9 dans le peloton d\u00e8s le d\u00e9part, terminant septi\u00e8me. Apr\u00e8s l&rsquo;\u00e9preuve, le Fran\u00e7ais avait <a href=\"https:\/\/fr.motorsport.com\/motogp\/news\/mauvais-choix-pneu-compromis-sprint-quartararo\/10768681\/\" target=\"_blank\" rel=\"noopener\">point\u00e9 du doigt un mauvais choix de pneu<\/a> avant pour expliquer son manque de performance.\u00a0<\/p>\n<p>Sauf que le sc\u00e9nario s&rsquo;est r\u00e9p\u00e9t\u00e9 le lendemain, en course principale, alors que le pilote avait cette fois chauss\u00e9 le pneu dur \u00e0 l&rsquo;avant, et pas le medium. \u00c0 l&rsquo;arriv\u00e9e, le Fran\u00e7ais s&rsquo;est montr\u00e9 totalement perdu face au brusque changement de comportement de sa moto.<\/p>\n<p>\u00ab\u00a0C&rsquo;\u00e9tait vraiment \u00e9trange\u00a0\u00bb, a-t-il d\u00e9clar\u00e9, visiblement d\u00e9sempar\u00e9. \u00ab\u00a0Pour \u00eatre honn\u00eate, je ne m&rsquo;attendais pas \u00e0 une course comme celle-l\u00e0. Je savais que mon rythme \u00e9tait bon, mais je ne comprends pas ce qu&rsquo;il s&rsquo;est pass\u00e9 pour avoir un ressenti aussi diff\u00e9rent. Je n&rsquo;ai jamais eu le rythme, \u00e0 aucun moment de la course. Franchement, je ne sais pas ce qu&rsquo;il s&rsquo;est pass\u00e9 aujourd&rsquo;hui.\u00a0\u00bb<\/p>\n<p>   <img decoding=\"async\" draggable=\"false\" src=\"https:\/\/www.europesays.com\/fr\/wp-content\/uploads\/2025\/10\/1760917581_561_fabio-quartararo-yamaha-factor.jpg\" alt=\"Fabio Quartararo, Yamaha Factory Racing\" width=\"1200\" height=\"800\" loading=\"lazy\"\/> <\/p>\n<p class=\"title\">Fabio Quartararo, Yamaha Factory Racing<\/p>\n<p class=\"photographer\">Photo de: Gold and Goose Photography \/ LAT Images \/ via Getty Images<\/p>\n<p>\u00ab\u00a0Le warm-up s&rsquo;\u00e9tait plut\u00f4t bien pass\u00e9\u00a0\u00bb, a-t-il ajout\u00e9. \u00ab\u00a0Rien de vraiment bizarre. Le vent \u00e9tait aussi beaucoup plus fort ce matin, mais je ne comprends pas ce qu&rsquo;il s&rsquo;est pass\u00e9 en course. Je n&rsquo;arrivais pas \u00e0 arr\u00eater la moto, ni \u00e0 garder de la vitesse en virage. Donc voil\u00e0, il faut essayer de comprendre, mais aussi tourner la page et penser \u00e0 la semaine prochaine.\u00a0\u00bb<\/p>\n<p>\u00ab\u00a0On doit encore v\u00e9rifier, mais je n&rsquo;ai jamais eu ce ressenti du week-end. M\u00eame en EL1, avec le pneu medium \u00e0 l&rsquo;arri\u00e8re, je me sentais comp\u00e9titif, rapide. Mais aujourd&rsquo;hui, je ne me sentais pas bien du tout. On va voir ce que l&rsquo;\u00e9quipe me dira.\u00a0\u00bb<\/p>\n<p>Alors qu&rsquo;il semblait excit\u00e9 en d\u00e9but de week-end apr\u00e8s le regain de performance de sa Yamaha, c&rsquo;est bien plus n\u00e9gatif que Fabio Quartararo a fait le bilan de cette 19e manche de la saison.\u00a0\u00ab\u00a0Non, je ne vois pas trop de positif de ce week-end\u00a0\u00bb, a-t-il avou\u00e9 au micro de Canal+\u00a0\u00bb. \u00ab\u00a0C&rsquo;est s\u00fbr que le peu de positif qu&rsquo;on a eu ce week-end, c&rsquo;est d&rsquo;avoir r\u00e9ussi \u00e0 r\u00e9gler la moto pour la qualif. Mais ensuite, en course, c&rsquo;est totalement diff\u00e9rent.\u00a0\u00bb\u00a0<\/p>\n<blockquote>\n<p>Je vais profiter des quatre prochains jours pour un peu d\u00e9connecter de la course. L&rsquo;objectif est surtout d&rsquo;oublier un peu ce qu&rsquo;il s&rsquo;est pass\u00e9 ici et de me recentrer sur moi-m\u00eame.<\/p>\n<\/blockquote>\n<p>Bien que le MotoGP posera ses bagages en Malaisie d\u00e8s la semaine prochaine, Fabio Quartararo a admis vouloir prendre les prochains jours pour dig\u00e9rer un peu les derniers \u00e9v\u00e9nements.<\/p>\n<p>\u00ab\u00a0Je vais profiter des quatre prochains jours pour un peu d\u00e9connecter de la course\u00a0\u00bb, a-t-il d\u00e9clar\u00e9. \u00ab\u00a0J&rsquo;en ai vraiment besoin. Sepang est un circuit que j&rsquo;aime bien, mais comme je l&rsquo;ai dit, pour moi, l&rsquo;objectif est surtout d&rsquo;oublier un peu ce qu&rsquo;il s&rsquo;est pass\u00e9 ici et de me recentrer sur moi-m\u00eame.\u00a0\u00bb<\/p>\n<p>Lire aussi :<\/p>\n<p>            Votre avis nous int\u00e9resse !<\/p>\n<p class=\"mt-auto\">Qu&rsquo;aimeriez-vous voir sur Motorsport.com ?<\/p>\n<p>            <a href=\"#\" class=\"ms-link text-link font-bold\">R\u00e9pondez \u00e0 notre enqu\u00eate de 5 minutes.<\/a><\/p>\n<p class=\"mt-1 font-info text-body\">&#8211; L&rsquo;\u00e9quipe Motorsport.com<\/p>\n","protected":false},"excerpt":{"rendered":"Sans grande surprise, Fabio Quartararo n&rsquo;aura pas converti sa pole position en victoire, ce dimanche \u00e0 Phillip Island.&hellip;\n","protected":false},"author":2,"featured_media":475836,"comment_status":"","ping_status":"","sticky":false,"template":"","format":"standard","meta":{"footnotes":""},"categories":[1413],"tags":[1680,1011,27,56962,1457,1456,1458,56963,59933,60,3796],"class_list":{"0":"post-475835","1":"post","2":"type-post","3":"status-publish","4":"format-standard","5":"has-post-thumbnail","7":"category-moto","8":"tag-fabio-quartararo","9":"tag-fr","10":"tag-france","11":"tag-gp-daustralie","12":"tag-moto","13":"tag-motocycle","14":"tag-motogp","15":"tag-phillip-island-grand-prix-circuit","16":"tag-quartararo-je-ne-vois-pas-trop-de-positif-de-ce-week-end","17":"tag-sports","18":"tag-yamaha-factory-racing"},"share_on_mastodon":{"url":"https:\/\/pubeurope.com\/@fr\/115403501955021528","error":""},"_links":{"self":[{"href":"https:\/\/www.europesays.com\/fr\/wp-json\/wp\/v2\/posts\/475835","targetHints":{"allow":["GET"]}}],"collection":[{"href":"https:\/\/www.europesays.com\/fr\/wp-json\/wp\/v2\/posts"}],"about":[{"href":"https:\/\/www.europesays.com\/fr\/wp-json\/wp\/v2\/types\/post"}],"author":[{"embeddable":true,"href":"https:\/\/www.europesays.com\/fr\/wp-json\/wp\/v2\/users\/2"}],"replies":[{"embeddable":true,"href":"https:\/\/www.europesays.com\/fr\/wp-json\/wp\/v2\/comments?post=475835"}],"version-history":[{"count":0,"href":"https:\/\/www.europesays.com\/fr\/wp-json\/wp\/v2\/posts\/475835\/revisions"}],"wp:featuredmedia":[{"embeddable":true,"href":"https:\/\/www.europesays.com\/fr\/wp-json\/wp\/v2\/media\/475836"}],"wp:attachment":[{"href":"https:\/\/www.europesays.com\/fr\/wp-json\/wp\/v2\/media?parent=475835"}],"wp:term":[{"taxonomy":"category","embeddable":true,"href":"https:\/\/www.europesays.com\/fr\/wp-json\/wp\/v2\/categories?post=475835"},{"taxonomy":"post_tag","embeddable":true,"href":"https:\/\/www.europesays.com\/fr\/wp-json\/wp\/v2\/tags?post=475835"}],"curies":[{"name":"wp","href":"https:\/\/api.w.org\/{rel}","templated":true}]}}