{"id":475837,"date":"2025-10-19T23:47:11","date_gmt":"2025-10-19T23:47:11","guid":{"rendered":"https:\/\/www.europesays.com\/fr\/475837\/"},"modified":"2025-10-19T23:47:11","modified_gmt":"2025-10-19T23:47:11","slug":"sainz-penalise-pour-mexico-apres-laccrochage-avec-antonelli","status":"publish","type":"post","link":"https:\/\/www.europesays.com\/fr\/475837\/","title":{"rendered":"Sainz p\u00e9nalis\u00e9 pour Mexico apr\u00e8s l&rsquo;accrochage avec Antonelli"},"content":{"rendered":"<p><a href=\"https:\/\/fr.motorsport.com\/driver\/carlos-sainz-jr\/91450\/\" target=\"_blank\" rel=\"noopener\">Carlos Sainz<\/a> devra reculer de cinq places sur la grille de d\u00e9part du Grand Prix de Mexico ce dimanche apr\u00e8s avoir \u00e9t\u00e9 jug\u00e9 responsable de la collision avec <a href=\"https:\/\/fr.motorsport.com\/driver\/kimi-antonelli\/947765\/\" target=\"_blank\" rel=\"noopener\">Kimi Antonelli<\/a> lors du GP des \u00c9tats-Unis.<\/p>\n<p>L&rsquo;incident est intervenu en d\u00e9but de course, au virage 15 du sixi\u00e8me tour. Alors qu&rsquo;Antonelli occupait la septi\u00e8me place, il \u00e9tait sous la menace de la <a href=\"https:\/\/fr.motorsport.com\/team\/williams\/613\/\" target=\"_blank\" rel=\"noopener\">Williams<\/a> frapp\u00e9e du num\u00e9ro 55. L&rsquo;Espagnol a tent\u00e9 de s&rsquo;infiltrer sur l&rsquo;int\u00e9rieur dans ce virage o\u00f9 plusieurs trajectoires sont possibles mais, trop court, il a finalement vu la porte se refermer et a percut\u00e9 l&rsquo;arri\u00e8re de la <a href=\"https:\/\/fr.motorsport.com\/team\/mercedes\/611\/\" target=\"_blank\" rel=\"noopener\">Mercedes<\/a>, envoyant l&rsquo;Italien en t\u00eate-\u00e0-queue, avant de lui-m\u00eame abandonner quelques hectom\u00e8tres plus loin.<\/p>\n<p>\u00a0<\/p>\n<p>Les commissaires ont \u00e9t\u00e9 saisis de cet incident, qui a \u00e9t\u00e9 revu apr\u00e8s la course. Ils ont ainsi d\u00e9cid\u00e9 d&rsquo;infliger cinq places de p\u00e9nalit\u00e9 sur la grille de la prochaine course \u00e0 laquelle Sainz participera, ainsi que deux points de p\u00e9nalit\u00e9 sur sa licence (ce qui lui en fait quatre sur les 12 derniers mois).<\/p>\n<p>Voici comment la d\u00e9cision a \u00e9t\u00e9 justifi\u00e9e : \u00ab\u00a0La voiture n\u00b055 a tent\u00e9 un d\u00e9passement \u00e0 l&rsquo;int\u00e9rieur de la voiture n\u00b012 dans le virage 15 et une collision entre les deux voitures s&rsquo;est produite \u00e0 la corde. Le pilote de la voiture n\u00b055 a affirm\u00e9 qu&rsquo;il s&rsquo;attendait \u00e0 ce que le pilote de la voiture n\u00b012 lui laisse de l&rsquo;espace \u00e0 la corde, mais que la voiture n\u00b012 avait tourn\u00e9 t\u00f4t, et la voiture n\u00b055 a bloqu\u00e9 ses freins lorsqu&rsquo;il est devenu \u00e9vident qu&rsquo;une collision \u00e9tait in\u00e9vitable. [Sainz] a sugg\u00e9r\u00e9 que le pilote de la voiture n\u00b012 aurait d\u00fb anticiper la tentative de d\u00e9passement et lui laisser de la place pour \u00e9viter le contact.\u00a0\u00bb <\/p>\n<p>\u00ab\u00a0Cependant, \u00e0 aucun moment avant la corde, le train avant de la voiture n\u00b055 n&rsquo;\u00e9tait \u00e0 c\u00f4t\u00e9 ou devant le r\u00e9troviseur de la voiture n\u00b012. Par cons\u00e9quent, selon les Directives relatives aux standards de pilotage, la voiture n\u00b055 n&rsquo;avait pas le droit de se voir laisser de l&rsquo;espace \u00e0 la corde. Les commissaires ont donc d\u00e9termin\u00e9 que le pilote de la voiture n\u00b055 \u00e9tait principalement responsable de la collision et une p\u00e9nalit\u00e9 a \u00e9t\u00e9 appliqu\u00e9e en cons\u00e9quence. Le pilote p\u00e9nalis\u00e9 n&rsquo;ayant pas termin\u00e9 la course, une p\u00e9nalit\u00e9 sur la grille de d\u00e9part \u00e9quivalant \u00e0 une p\u00e9nalit\u00e9 de 10 secondes lui a \u00e9t\u00e9 inflig\u00e9e.\u00a0\u00bb<\/p>\n<p>Kimi Antonelli a de son c\u00f4t\u00e9 termin\u00e9 la course au 13e rang.<\/p>\n<p>Lire aussi :<\/p>\n<p>            Votre avis nous int\u00e9resse !<\/p>\n<p class=\"mt-auto\">Qu&rsquo;aimeriez-vous voir sur Motorsport.com ?<\/p>\n<p>            <a href=\"#\" class=\"ms-link text-link font-bold\">R\u00e9pondez \u00e0 notre enqu\u00eate de 5 minutes.<\/a><\/p>\n<p class=\"mt-1 font-info text-body\">&#8211; L&rsquo;\u00e9quipe Motorsport.com<\/p>\n","protected":false},"excerpt":{"rendered":"Carlos Sainz devra reculer de cinq places sur la grille de d\u00e9part du Grand Prix de Mexico ce&hellip;\n","protected":false},"author":2,"featured_media":475838,"comment_status":"","ping_status":"","sticky":false,"template":"","format":"standard","meta":{"footnotes":""},"categories":[1412],"tags":[12787,2077,1451,1452,1453,1454,1455,1011,27,59403,2237,4320,59934,60,2771],"class_list":{"0":"post-475837","1":"post","2":"type-post","3":"status-publish","4":"format-standard","5":"has-post-thumbnail","7":"category-f1","8":"tag-carlos-sainz-jr","9":"tag-circuit-of-the-americas","10":"tag-f1","11":"tag-formula-1","12":"tag-formula1","13":"tag-formule-1","14":"tag-formule1","15":"tag-fr","16":"tag-france","17":"tag-gp-des-u00c9tats-unis","18":"tag-kimi-antonelli","19":"tag-mercedes","20":"tag-sainz-pu00e9nalisu00e9-pour-mexico-apru00e8s-laccrochage-avec-antonelli","21":"tag-sports","22":"tag-williams"},"share_on_mastodon":{"url":"https:\/\/pubeurope.com\/@fr\/115403505308184786","error":""},"_links":{"self":[{"href":"https:\/\/www.europesays.com\/fr\/wp-json\/wp\/v2\/posts\/475837","targetHints":{"allow":["GET"]}}],"collection":[{"href":"https:\/\/www.europesays.com\/fr\/wp-json\/wp\/v2\/posts"}],"about":[{"href":"https:\/\/www.europesays.com\/fr\/wp-json\/wp\/v2\/types\/post"}],"author":[{"embeddable":true,"href":"https:\/\/www.europesays.com\/fr\/wp-json\/wp\/v2\/users\/2"}],"replies":[{"embeddable":true,"href":"https:\/\/www.europesays.com\/fr\/wp-json\/wp\/v2\/comments?post=475837"}],"version-history":[{"count":0,"href":"https:\/\/www.europesays.com\/fr\/wp-json\/wp\/v2\/posts\/475837\/revisions"}],"wp:featuredmedia":[{"embeddable":true,"href":"https:\/\/www.europesays.com\/fr\/wp-json\/wp\/v2\/media\/475838"}],"wp:attachment":[{"href":"https:\/\/www.europesays.com\/fr\/wp-json\/wp\/v2\/media?parent=475837"}],"wp:term":[{"taxonomy":"category","embeddable":true,"href":"https:\/\/www.europesays.com\/fr\/wp-json\/wp\/v2\/categories?post=475837"},{"taxonomy":"post_tag","embeddable":true,"href":"https:\/\/www.europesays.com\/fr\/wp-json\/wp\/v2\/tags?post=475837"}],"curies":[{"name":"wp","href":"https:\/\/api.w.org\/{rel}","templated":true}]}}