{"id":475840,"date":"2025-10-19T23:49:11","date_gmt":"2025-10-19T23:49:11","guid":{"rendered":"https:\/\/www.europesays.com\/fr\/475840\/"},"modified":"2025-10-19T23:49:11","modified_gmt":"2025-10-19T23:49:11","slug":"om-mercato-benatia-pret-a-griller-le-psg-et-le-fc-barcelone-pour-un-renfort-surprise","status":"publish","type":"post","link":"https:\/\/www.europesays.com\/fr\/475840\/","title":{"rendered":"OM Mercato : Benatia pr\u00eat \u00e0 griller le PSG et le FC Barcelone pour un renfort surprise !\u00a0"},"content":{"rendered":"<p><strong>L\u2019<a href=\"https:\/\/www.butfootballclub.fr\/623911-om-les-supporters-ont-emu-de-zerbi-face-au-havre\/\" target=\"_blank\" rel=\"noopener\">Olympique de Marseille <\/a>s\u2019int\u00e9resserait de tr\u00e8s pr\u00e8s \u00e0 Ali Maamar, lat\u00e9ral de 20 ans appartenant \u00e0 Anderlecht et actuellement \u00e0 la Coupe du Monde U20. Suivi depuis plusieurs mois par le PSG et le FC Barcelone, le jeune international espoir belge d\u2019origine malienne est valoris\u00e9 \u00e0 environ 2 millions d\u2019euros et reste sous contrat jusqu\u2019en 2028.<\/strong><\/p>\n<p>Alors que les yeux sont focalis\u00e9s sur un potentiel rempla\u00e7ant \u00e0 Amine Gouri, l\u2019OM pourrait miser sur une autre recrue au prochain mercato. Selon TransferFeed, le club phoc\u00e9en s\u2019int\u00e9resserait de tr\u00e8s pr\u00e8s \u00e0 Ali Maamar, lat\u00e9ral de 20 ans appartenant \u00e0 Anderlecht et actuellement \u00e0 la Coupe du Monde U20. Suivi depuis plusieurs mois par le PSG et le FC Barcelone, le jeune international espoir belge d\u2019origine malienne est valoris\u00e9 \u00e0 environ 2 millions d\u2019euros et reste sous contrat jusqu\u2019en 2028.<\/p>\n<p>Maamar, un nouveau pari sur l\u2019avenir \u00e0 l\u2019<a href=\"https:\/\/www.butfootballclub.fr\/623890-om-menes-juge-la-performance-de-greenwood-et-la-serie-olympienne\/\" target=\"_blank\" rel=\"noopener\">OM<\/a> ?<\/p>\n<p>Polyvalent, Maamar peut \u00e9voluer aussi bien \u00e0 gauche qu\u2019\u00e0 droite. Une caract\u00e9ristique qui s\u00e9duirait particuli\u00e8rement Roberto De Zerbi, \u00e0 la recherche d\u2019un renfort capable d\u2019offrir des solutions suppl\u00e9mentaires sur les c\u00f4t\u00e9s. Avec la blessure de Facundo Medina et l\u2019encha\u00eenement des matchs, l\u2019entra\u00eeneur italien de l\u2019OM souhaite densifier ses couloirs pour \u00e9viter toute fragilit\u00e9 d\u00e9fensive \u00e0 l\u2019approche de l\u2019hiver.<\/p>\n<p>Dot\u00e9 d\u2019une belle explosivit\u00e9, d\u2019une bonne lecture du jeu et d\u2019un volume de course impressionnant, Maamar coche toutes les cases du profil moderne recherch\u00e9 par le coach phoc\u00e9en. Anderlecht, conscient du potentiel de son joueur, ne compte cependant pas le brader. Des discussions pourraient rapidement s\u2019engager si l\u2019<a href=\"https:\/\/www.butfootballclub.fr\/623810-om-lanalyse-de-bastien-aubert-avec-un-greenwood-en-folie-marseille-sur-la-ligue-1\/\" target=\"_blank\" rel=\"noopener\">OM<\/a> d\u00e9cide d\u2019avancer sur le dossier.<\/p>\n<p>Maamar, d\u00e9j\u00e0 suivi par le PSG, le FC Barcelone et plusieurs clubs anglais, attire de plus en plus les regards. Reste \u00e0 savoir si l\u2019OM saura agir rapidement pour convaincre Anderlecht de l\u00e2cher sa p\u00e9pite.<\/p>\n","protected":false},"excerpt":{"rendered":"L\u2019Olympique de Marseille s\u2019int\u00e9resserait de tr\u00e8s pr\u00e8s \u00e0 Ali Maamar, lat\u00e9ral de 20 ans appartenant \u00e0 Anderlecht et&hellip;\n","protected":false},"author":2,"featured_media":475841,"comment_status":"","ping_status":"","sticky":false,"template":"","format":"standard","meta":{"footnotes":""},"categories":[1410],"tags":[11,448,63,1011,27,66,3388,12,60,10662],"class_list":{"0":"post-475840","1":"post","2":"type-post","3":"status-publish","4":"format-standard","5":"has-post-thumbnail","7":"category-football","8":"tag-actualites","9":"tag-champions-league","10":"tag-football","11":"tag-fr","12":"tag-france","13":"tag-ligue-1","14":"tag-matchs","15":"tag-news","16":"tag-sports","17":"tag-transferts"},"share_on_mastodon":{"url":"https:\/\/pubeurope.com\/@fr\/115403513934969233","error":""},"_links":{"self":[{"href":"https:\/\/www.europesays.com\/fr\/wp-json\/wp\/v2\/posts\/475840","targetHints":{"allow":["GET"]}}],"collection":[{"href":"https:\/\/www.europesays.com\/fr\/wp-json\/wp\/v2\/posts"}],"about":[{"href":"https:\/\/www.europesays.com\/fr\/wp-json\/wp\/v2\/types\/post"}],"author":[{"embeddable":true,"href":"https:\/\/www.europesays.com\/fr\/wp-json\/wp\/v2\/users\/2"}],"replies":[{"embeddable":true,"href":"https:\/\/www.europesays.com\/fr\/wp-json\/wp\/v2\/comments?post=475840"}],"version-history":[{"count":0,"href":"https:\/\/www.europesays.com\/fr\/wp-json\/wp\/v2\/posts\/475840\/revisions"}],"wp:featuredmedia":[{"embeddable":true,"href":"https:\/\/www.europesays.com\/fr\/wp-json\/wp\/v2\/media\/475841"}],"wp:attachment":[{"href":"https:\/\/www.europesays.com\/fr\/wp-json\/wp\/v2\/media?parent=475840"}],"wp:term":[{"taxonomy":"category","embeddable":true,"href":"https:\/\/www.europesays.com\/fr\/wp-json\/wp\/v2\/categories?post=475840"},{"taxonomy":"post_tag","embeddable":true,"href":"https:\/\/www.europesays.com\/fr\/wp-json\/wp\/v2\/tags?post=475840"}],"curies":[{"name":"wp","href":"https:\/\/api.w.org\/{rel}","templated":true}]}}