{"id":475848,"date":"2025-10-19T23:53:26","date_gmt":"2025-10-19T23:53:26","guid":{"rendered":"https:\/\/www.europesays.com\/fr\/475848\/"},"modified":"2025-10-19T23:53:26","modified_gmt":"2025-10-19T23:53:26","slug":"florent-peyre-accable-par-lattitude-de-sa-mere-dans-danse-avec-les-stars","status":"publish","type":"post","link":"https:\/\/www.europesays.com\/fr\/475848\/","title":{"rendered":"Florent Peyre accabl\u00e9 par l&rsquo;attitude de sa m\u00e8re dans Danse avec les stars"},"content":{"rendered":"<p>En 2022, Florent Peyre <a href=\"https:\/\/www.programme-tv.net\/news\/tv\/309807-il-pourrait-tomber-dans-les-escaliers-tres-rapidement-florent-peyre-ironise-sur-un-candidat-de-danse-avec-les-stars-12\/\" data-api-deeplink=\"teleloisirs:\/\/news\/309807\" rel=\"nofollow noopener\" target=\"_blank\">avait particip\u00e9 \u00e0 Danse avec les stars<\/a> avec <a href=\"https:\/\/www.programme-tv.net\/biographie\/439802-vandamme-ines\/\" data-link-people=\"ca1bf2fe-06be-4cda-bb63-53283df80d8e\" rel=\"nofollow noopener\" target=\"_blank\">In\u00e8s Vandamme<\/a> comme partenaire. Sa m\u00e8re, surnomm\u00e9e Mounette, l\u2019avait soutenu, \u00e0 sa mani\u00e8re, sans concession. Alors qu\u2019il recevait le com\u00e9dien dans On refait la t\u00e9l\u00e9 sur RTL ce samedi 18 octobre, \u00c9ric Dussart lui a fait r\u00e9\u00e9couter certains propos qu\u2019elle avait tenus. <b>\u201cAvec toi qui es trapu, ce n\u2019est pas forc\u00e9ment \u00e9vident que tu sois l\u00e9ger\u201d<\/b>, avait-elle notamment d\u00e9clar\u00e9. <b>\u201cElle est cash maman Peyre\u201d<\/b>, a r\u00e9sum\u00e9 le journaliste. \u201c<b>Elle m\u2019a massacr\u00e9.<\/b> Je me suis tap\u00e9 les b\u00eatisiers de ma m\u00e8re qui a un gros caract\u00e8re\u201d, a gliss\u00e9 celui qui a beaucoup ri en r\u00e9entendant ces extraits. \u201cLe soir du prime, il y a<a href=\"https:\/\/www.programme-tv.net\/news\/series-tv\/365348-mes-parents-ma-femme-et-mon-fils-m-ont-rejoint-florent-peyre-raconte-le-tournage-en-guadeloupe-de-commandant-saint-barth-la-serie-de-tf1\/\" data-api-deeplink=\"teleloisirs:\/\/news\/365348\" rel=\"nofollow noopener\" target=\"_blank\"> mes parents <\/a>et mon fils, et je ne veux pas qu\u2019on filme mon fils\u201c, a-t-il expliqu\u00e9. Mais au moment o\u00f9 Florent Peyre lui a expliqu\u00e9 qu\u2019ils ne seraient pas film\u00e9s car son fils, Marius, \u00e9tait entre son p\u00e8re et sa m\u00e8re, cette derni\u00e8re a fait changer de place son petit-fils pour pouvoir appara\u00eetre \u00e0 l\u2019antenne.<\/p>\n<p>                        La m\u00e8re de Florent Peyre, une bonne cliente pour les journalistes<\/p>\n<p>\u201cJe rappelle le journaliste et je lui dis : \u2018Il y a une cliente, tu peux y aller\u2019, et il me dit : \u2018elle est g\u00e9niale\u2019. Et le lendemain, le t\u00e9l\u00e9phone de ma m\u00e8re sonne, elle me dit : \u2018C\u2019est la production. Ils veulent que je reste jusqu\u2019\u00e0 lundi. Qu\u2019est-ce que je fais ?\u2019\u201d, a racont\u00e9 Florent Peyre sur les ondes de RTL. Comme elle souhaitait rester, ses parents sont \u201crevenus lundi pour voir l\u2019entra\u00eenement\u201d. Au d\u00e9but, \u201ctous mignons, tous sages, et apr\u00e8s elle a l\u00e2ch\u00e9 les chevaux\u201d, a r\u00e9sum\u00e9 l\u2019ancien apprenti-danseur. \u201cIls lui avaient demand\u00e9 de rester pour qu\u2019elle fasse des interviews sur vous, auxquelles vous n\u2019avez pas assist\u00e9, naturellement\u201d, a pr\u00e9cis\u00e9 le pr\u00e9sentateur d\u2019On refait la t\u00e9l\u00e9. \u201cDans l\u2019aftershow, il y avait un best-of des vannes de ma m\u00e8re\u201d, a expliqu\u00e9 celui qui a rappel\u00e9 que la s\u00e9quence avait ensuite \u00e9t\u00e9 rediffus\u00e9e dans le b\u00eatisier du 31 d\u00e9cembre de TF1 et dans Les Enfants de la t\u00e9l\u00e9.<\/p>\n<p>            Cette s\u00e9quence de la m\u00e8re de Florent Peyre dans Danse avec les stars qui a fait le tour des b\u00eatisiers<\/p>\n<p>\u201c\u00c0 mon avis, s\u2019ils l\u2019appellent pour qu\u2019elle fasse Danse avec les stars, elle va dire ok. Elle va \u00eatre star \u00e0 cause de la star\u201d, s\u2019est amus\u00e9 \u00c9ric Dussart. \u201cApr\u00e8s, il va falloir que j\u2019aille chez ma psy parce que je parle trop de ma m\u00e8re\u201d, a d\u00e9clar\u00e9 celui qui a quitt\u00e9 le parquet pour retrouver les salles de spectacle et <a href=\"https:\/\/www.programme-tv.net\/news\/loisirs\/389377-je-suis-allee-voir-florent-peyre-dans-la-comedie-musicale-les-producteurs-et-le-moins-que-l-on-puisse-dire-c-est-qu-il-met-le-feu-aux-planches\/\" data-api-deeplink=\"teleloisirs:\/\/news\/389377\" rel=\"nofollow noopener\" target=\"_blank\">qui joue actuellement dans Les Producteurs<\/a>. Avant de conclure par un touchant : \u201cJe l\u2019aime\u201d.<\/p>\n<p>Article \u00e9crit en collaboration avec 6Medias<\/p>\n","protected":false},"excerpt":{"rendered":"En 2022, Florent Peyre avait particip\u00e9 \u00e0 Danse avec les stars avec In\u00e8s Vandamme comme partenaire. Sa m\u00e8re,&hellip;\n","protected":false},"author":2,"featured_media":475849,"comment_status":"","ping_status":"","sticky":false,"template":"","format":"standard","meta":{"footnotes":""},"categories":[1356],"tags":[244,9260,194,58,59,11889,18287,652,59627,1011,27,20028,11887,2700,20029,252,1364],"class_list":{"0":"post-475848","1":"post","2":"type-post","3":"status-publish","4":"format-standard","5":"has-post-thumbnail","7":"category-television","8":"tag-commentaire","9":"tag-confidences","10":"tag-danse-avec-les-stars","11":"tag-divertissement","12":"tag-entertainment","13":"tag-eric-dussart","14":"tag-extraits","15":"tag-famille","16":"tag-florent-peyre","17":"tag-fr","18":"tag-france","19":"tag-mu00e8re","20":"tag-on-refait-la-tu00e9lu00e9","21":"tag-rtl","22":"tag-ru00e9vu00e9lation","23":"tag-television","24":"tag-tv"},"share_on_mastodon":{"url":"https:\/\/pubeurope.com\/@fr\/115403528900562198","error":""},"_links":{"self":[{"href":"https:\/\/www.europesays.com\/fr\/wp-json\/wp\/v2\/posts\/475848","targetHints":{"allow":["GET"]}}],"collection":[{"href":"https:\/\/www.europesays.com\/fr\/wp-json\/wp\/v2\/posts"}],"about":[{"href":"https:\/\/www.europesays.com\/fr\/wp-json\/wp\/v2\/types\/post"}],"author":[{"embeddable":true,"href":"https:\/\/www.europesays.com\/fr\/wp-json\/wp\/v2\/users\/2"}],"replies":[{"embeddable":true,"href":"https:\/\/www.europesays.com\/fr\/wp-json\/wp\/v2\/comments?post=475848"}],"version-history":[{"count":0,"href":"https:\/\/www.europesays.com\/fr\/wp-json\/wp\/v2\/posts\/475848\/revisions"}],"wp:featuredmedia":[{"embeddable":true,"href":"https:\/\/www.europesays.com\/fr\/wp-json\/wp\/v2\/media\/475849"}],"wp:attachment":[{"href":"https:\/\/www.europesays.com\/fr\/wp-json\/wp\/v2\/media?parent=475848"}],"wp:term":[{"taxonomy":"category","embeddable":true,"href":"https:\/\/www.europesays.com\/fr\/wp-json\/wp\/v2\/categories?post=475848"},{"taxonomy":"post_tag","embeddable":true,"href":"https:\/\/www.europesays.com\/fr\/wp-json\/wp\/v2\/tags?post=475848"}],"curies":[{"name":"wp","href":"https:\/\/api.w.org\/{rel}","templated":true}]}}