{"id":475860,"date":"2025-10-20T00:00:14","date_gmt":"2025-10-20T00:00:14","guid":{"rendered":"https:\/\/www.europesays.com\/fr\/475860\/"},"modified":"2025-10-20T00:00:14","modified_gmt":"2025-10-20T00:00:14","slug":"kering-cede-sa-division-beaute-a-loreal-pour-4-milliards-deuros","status":"publish","type":"post","link":"https:\/\/www.europesays.com\/fr\/475860\/","title":{"rendered":"Kering c\u00e8de sa division beaut\u00e9 \u00e0 L\u2019Or\u00e9al pour 4 milliards d\u2019euros"},"content":{"rendered":"<p>\n    S\u2019appuyant sur le succ\u00e8s d\u2019Yves Saint Laurent Beaut\u00e9, cette alliance vient consolider la longue histoire de collaboration entre deux leaders mondiaux aux atouts compl\u00e9mentaires.<\/p>\n<p class=\"fig-paragraph\">Le groupe fran\u00e7ais de luxe\u00a0<a href=\"http:\/\/www.lefigaro.fr\/economie\/kering-pret-a-ceder-ses-activites-de-beaute-et-parfums-a-l-oreal-les-raisons-d-une-operation-a-4-milliards-d-euros-20251019\" data-fig-type=\"Article\" data-gtm-custom-categorie=\"navigation\" data-gtm-custom-action=\"crossclick\" data-gtm-custom-label=\"Contextuel\" data-gtm-event=\"customEventSPE\" data-fig-domain=\"LEFIGARO\" target=\"_blank\" rel=\"noopener\">Kering c\u00e8de sa division beaut\u00e9<\/a>, y compris la marque Creed, \u00e0 son compatriote L\u2019Or\u00e9al ainsi que le d\u00e9veloppement des produits beaut\u00e9 de Gucci apr\u00e8s l\u2019expiration de la licence actuelle avec Coty, selon un\u00a0<a href=\"https:\/\/www.kering.com\/fr\/actualites\/kering-et-l-oreal-scellent-une-alliance-dans-le-domaine-de-la-beaute-et-du-bien-etre\/\" target=\"_blank\" rel=\"sponsored noopener\" data-gtm-custom-categorie=\"navigation\" data-gtm-custom-action=\"crossclick\" data-gtm-custom-label=\"Contextuel\" data-gtm-event=\"customEventSPE\">communiqu\u00e9,<\/a>\u00a0commun. Cette annonce survient un mois seulement apr\u00e8s l\u2019entr\u00e9e en fonction de Luca De Meo, directeur g\u00e9n\u00e9ral de Kering, charg\u00e9 de redresser le groupe malmen\u00e9 depuis plusieurs ann\u00e9es par les difficult\u00e9s de sa marque phare Gucci.<\/p>\n<p class=\"fig-paragraph\">L\u2019accord, comprenant la cession de Creed et l\u2019\u00e9tablissement des licences de 50 ans pour les marques iconiques de Kering, s\u2019\u00e9l\u00e8ve \u00e0 4 milliards d\u2019euros, payables en num\u00e9raire \u00e0 la r\u00e9alisation de l\u2019op\u00e9ration pr\u00e9vue pour le premier semestre 2026, pr\u00e9cise le communiqu\u00e9. L\u2019Or\u00e9al versera \u00e9galement des redevances \u00e0 Kering pour l\u2019utilisation des marques sous licence.<\/p>\n<p>                                    <a class=\"fig-a11y-skip a11y-hidden\" href=\"#fig-a11y-skip-main-inarticle\"><br \/>\n        Passer la publicit\u00e9<br \/>\n    <\/a><\/p>\n<p class=\"fig-paragraph\">Le partenariat comprend \u00ables droits de conclure un accord de licence exclusif d\u2019une dur\u00e9e de 50 ans pour la cr\u00e9ation, le d\u00e9veloppement et la distribution des produits parfum et beaut\u00e9 de Gucci, d\u00e9marrant apr\u00e8s l\u2019expiration de la licence actuelle avec Coty, dans le respect des obligations du groupe Kering au titre de l\u2019accord de licence existant\u00bb, est-il ajout\u00e9.<\/p>\n<p>\u00abUne \u00e9tape d\u00e9cisive pour Kering\u00bb<\/p>\n<p class=\"fig-paragraph\">Selon une note des analystes HSBC, la licence Gucci arrive \u00e0 expiration chez l\u2019am\u00e9ricain Coty en 2028. Il est \u00e9galement inclus un \u00abpartenariat exclusif, pr\u00e9vu sous la forme d\u2019une co-entreprise \u00e0 50\/50, qui permettra de cr\u00e9er des exp\u00e9riences et des services combinant les capacit\u00e9s d\u2019innovation de L\u2019Or\u00e9al et la connaissance approfondie des clients du luxe de Kering\u00bb.<\/p>\n<p class=\"fig-paragraph\">\u00abCette alliance strat\u00e9gique marque une \u00e9tape d\u00e9cisive pour Kering\u00bb, d\u00e9clare Luca de Meo, cit\u00e9 dans le communiqu\u00e9, et \u00abnous permet de nous concentrer sur ce qui nous d\u00e9finit le mieux\u00a0: notre puissance cr\u00e9ative et l\u2019attractivit\u00e9 de nos Maisons\u00bb.<\/p>\n<p class=\"fig-paragraph\">\u00abL\u2019ajout de ces marques extraordinaires compl\u00e8te parfaitement notre portefeuille existant et \u00e9largit consid\u00e9rablement notre pr\u00e9sence dans de nouveaux segments dynamiques de la beaut\u00e9 de luxe (&#8230;) Gucci, Bottega Veneta et Balenciaga sont toutes des marques de couture exceptionnelles qui pr\u00e9sentent un \u00e9norme potentiel de croissance\u00bb, d\u00e9clare le directeur g\u00e9n\u00e9ral de L\u2019Or\u00e9al, Nicolas Hieronimus, \u00e9galement cit\u00e9 dans le communiqu\u00e9.<\/p>\n<p class=\"fig-paragraph\">L\u2019Or\u00e9al poss\u00e8de d\u00e9j\u00e0 la licence des produits de beaut\u00e9 Yves Saint Laurent depuis 2008. La division beaut\u00e9 de Kering a \u00e9t\u00e9 cr\u00e9\u00e9e en 2023 avec notamment l\u2019acquisition de la marque de parfums de luxe Creed pour 3,5 milliards d\u2019euros.<\/p>\n","protected":false},"excerpt":{"rendered":"S\u2019appuyant sur le succ\u00e8s d\u2019Yves Saint Laurent Beaut\u00e9, cette alliance vient consolider la longue histoire de collaboration entre&hellip;\n","protected":false},"author":2,"featured_media":475861,"comment_status":"","ping_status":"","sticky":false,"template":"","format":"standard","meta":{"footnotes":""},"categories":[6],"tags":[35,33,34,1011,27,34117,24445,32584],"class_list":{"0":"post-475860","1":"post","2":"type-post","3":"status-publish","4":"format-standard","5":"has-post-thumbnail","7":"category-economie","8":"tag-business","9":"tag-economie","10":"tag-economy","11":"tag-fr","12":"tag-france","13":"tag-gucci","14":"tag-kering","15":"tag-loreal"},"share_on_mastodon":{"url":"","error":""},"_links":{"self":[{"href":"https:\/\/www.europesays.com\/fr\/wp-json\/wp\/v2\/posts\/475860","targetHints":{"allow":["GET"]}}],"collection":[{"href":"https:\/\/www.europesays.com\/fr\/wp-json\/wp\/v2\/posts"}],"about":[{"href":"https:\/\/www.europesays.com\/fr\/wp-json\/wp\/v2\/types\/post"}],"author":[{"embeddable":true,"href":"https:\/\/www.europesays.com\/fr\/wp-json\/wp\/v2\/users\/2"}],"replies":[{"embeddable":true,"href":"https:\/\/www.europesays.com\/fr\/wp-json\/wp\/v2\/comments?post=475860"}],"version-history":[{"count":0,"href":"https:\/\/www.europesays.com\/fr\/wp-json\/wp\/v2\/posts\/475860\/revisions"}],"wp:featuredmedia":[{"embeddable":true,"href":"https:\/\/www.europesays.com\/fr\/wp-json\/wp\/v2\/media\/475861"}],"wp:attachment":[{"href":"https:\/\/www.europesays.com\/fr\/wp-json\/wp\/v2\/media?parent=475860"}],"wp:term":[{"taxonomy":"category","embeddable":true,"href":"https:\/\/www.europesays.com\/fr\/wp-json\/wp\/v2\/categories?post=475860"},{"taxonomy":"post_tag","embeddable":true,"href":"https:\/\/www.europesays.com\/fr\/wp-json\/wp\/v2\/tags?post=475860"}],"curies":[{"name":"wp","href":"https:\/\/api.w.org\/{rel}","templated":true}]}}