{"id":475864,"date":"2025-10-20T00:02:13","date_gmt":"2025-10-20T00:02:13","guid":{"rendered":"https:\/\/www.europesays.com\/fr\/475864\/"},"modified":"2025-10-20T00:02:13","modified_gmt":"2025-10-20T00:02:13","slug":"le-nord-et-le-pas-de-calais-places-en-vigilance-lundi","status":"publish","type":"post","link":"https:\/\/www.europesays.com\/fr\/475864\/","title":{"rendered":"le Nord et le Pas-de-Calais plac\u00e9s en vigilance lundi"},"content":{"rendered":"<p>            Par<br \/>\n        <strong><br \/>\n            <a href=\"https:\/\/actu.fr\/auteur\/margot-nicodeme\" title=\"Consulter tous les articles de Margot Nicod\u00e8me\" target=\"_blank\" rel=\"noopener\">Margot Nicod\u00e8me<\/a><br \/>\n        <\/strong><\/p>\n<p>        Publi\u00e9 le<\/p>\n<p>            19 oct. 2025 \u00e0 18h35        <\/p>\n<p>Le temps sec des derni\u00e8res semaines a pris fin ce dimanche 19 octobre 2025, avec l\u2019arriv\u00e9e de ce que M\u00e9t\u00e9o France appelle<b> \u00ab\u00a0une magnifique perturbation s\u2019enroul[ant] autour d\u2019une d\u00e9pression\u00a0\u00bb<\/b>. Venue d\u2019Irlande, elle est \u00ab\u00a0responsable du retour d\u2019un temps pluvieux par l\u2019ouest\u00a0\u00bb, et \u00ab\u00a0inaugure une s\u00e9quence perturb\u00e9e qui aura cours toute la semaine prochaine\u00a0\u00bb. Des<b> <a href=\"https:\/\/actu.fr\/tag\/orages\" target=\"_blank\" rel=\"noopener\">averses orageuses<\/a><\/b> doubl\u00e9es de<b> rafales de vent <\/b>sont attendues ce lundi 20 octobre dans <b>le Nord<\/b> et <b>le <a href=\"https:\/\/actu.fr\/pas-de-calais\/\" target=\"_blank\" rel=\"noopener\">Pas-de-Calais.<\/a><\/b> Les deux d\u00e9partements <b>basculeront ainsi en vigilance jaune<\/b>, d\u00e8s la fin d\u2019apr\u00e8s-midi.<\/p>\n<p>    <img   decoding=\"async\" loading=\"lazy\" class=\"size-large\" src=\"https:\/\/www.europesays.com\/fr\/wp-content\/uploads\/2025\/10\/f5ca66b115f86c9ca66b115f88dca6v-960x640.jpg\" alt=\"Orages, pluie et rafales de vent : les \u00e9l\u00e9ments se mettent en ordre de marche lundi 20 octobre 2025, dans le Nord et le Pas-de-Calais, qui passent en vigilance jaune orages.\" width=\"960\" height=\"640\"\/><br \/>\n    Orages, pluie et rafales de vent : les \u00e9l\u00e9ments se mettent en ordre de marche lundi 20 octobre 2025, dans le Nord et le Pas-de-Calais, qui passent en vigilance jaune orages. \u00a9M\u00e9t\u00e9o FranceAverses orageuses et rafales de vent : le Nord et le Pas-de-Calais concern\u00e9s par une vigilance lundi<\/p>\n<p class=\" wall-content\">Si seule la grisaille sera pr\u00e9sente d\u00e8s les premi\u00e8res heures de la journ\u00e9e de lundi, avec localement des pluies faibles, le changement sera radical l\u2019apr\u00e8s-midi. <b>Des orages font leur entr\u00e9e sur la r\u00e9gion et se dispersent un peu partout<\/b>, apportant avec eux des averses. Et ce n\u2019est pas tout : les rafales de vent seront aussi de la partie.<\/p>\n<p class=\" wall-content\">\u00ab\u00a0Sur un quart Nord-Ouest, les averses se succ\u00e8dent avec un vent de sud-ouest sensible. Des rafales entre 50\/70 km\/h sont attendues dans les terres, elles atteignent 80\/90 km\/h sur les c\u00f4tes de Manche\u00a0\u00bb, d\u00e9crit M\u00e9t\u00e9o France. Dans la soir\u00e9e, les rafales atteindront <b>les 85 km\/h \u00e0 Boulogne-sur-Mer, Wissant<\/b> ; et seront comprises <b>entre 65 et 70 km\/h dans les terres<\/b>. En agglom\u00e9ration \u2013 \u00e0 Lens, Arras, Lille \u2013 \u00e7a soufflera jusqu\u2019\u00e0 60 km\/h.<\/p>\n<p class=\" wall-content\"><b>La vigilance orages d\u00e9marrera \u00e0 16h et courra au moins jusqu\u2019\u00e0 00h<\/b>, dans l\u2019attente d\u2019\u00eatre \u00e9ventuellement renouvel\u00e9e. La bonne nouvelle, c\u2019est que ces intemp\u00e9ries \u00ab\u00a0att\u00e9nueront globalement\u00a0\u00bb la s\u00e9cheresse des sols, particuli\u00e8rement marqu\u00e9e dans l\u2019ouest et le sud de la France.<\/p>\n<p class=\" wall-content\">\n<p class=\" wall-content\">La pr\u00e9fecture appelle \u00e0 la \u00ab\u00a0prudence\u00a0\u00bb dans vos d\u00e9placements et vos activit\u00e9s.<\/p>\n<p class=\" wall-content\">Personnalisez votre actualit\u00e9 en ajoutant vos villes et m\u00e9dias en favori avec <a href=\"https:\/\/moncompte.actu.fr\" title=\"D\u00e9couvez Mon Actu\" rel=\"nofollow noopener\" data-trk=\"{&quot;cta&quot;:{&quot;action&quot;:&quot;https:\\\/\\\/moncompte.actu.fr&quot;,&quot;category&quot;:&quot;mon compte&quot;,&quot;from&quot;:&quot;article footer&quot;,&quot;name&quot;:&quot;Mon actu&quot;,&quot;type&quot;:&quot;cta&quot;}}\" target=\"_blank\">Mon Actu<\/a>.<\/p>\n","protected":false},"excerpt":{"rendered":"Par Margot Nicod\u00e8me Publi\u00e9 le 19 oct. 2025 \u00e0 18h35 Le temps sec des derni\u00e8res semaines a pris&hellip;\n","protected":false},"author":2,"featured_media":475865,"comment_status":"","ping_status":"","sticky":false,"template":"","format":"standard","meta":{"footnotes":""},"categories":[4],"tags":[11,1011,27,2357,12,4594,25,104],"class_list":{"0":"post-475864","1":"post","2":"type-post","3":"status-publish","4":"format-standard","5":"has-post-thumbnail","7":"category-france","8":"tag-actualites","9":"tag-fr","10":"tag-france","11":"tag-meteo-france","12":"tag-news","13":"tag-orages","14":"tag-republique-francaise","15":"tag-societe"},"share_on_mastodon":{"url":"https:\/\/pubeurope.com\/@fr\/115403564798534083","error":""},"_links":{"self":[{"href":"https:\/\/www.europesays.com\/fr\/wp-json\/wp\/v2\/posts\/475864","targetHints":{"allow":["GET"]}}],"collection":[{"href":"https:\/\/www.europesays.com\/fr\/wp-json\/wp\/v2\/posts"}],"about":[{"href":"https:\/\/www.europesays.com\/fr\/wp-json\/wp\/v2\/types\/post"}],"author":[{"embeddable":true,"href":"https:\/\/www.europesays.com\/fr\/wp-json\/wp\/v2\/users\/2"}],"replies":[{"embeddable":true,"href":"https:\/\/www.europesays.com\/fr\/wp-json\/wp\/v2\/comments?post=475864"}],"version-history":[{"count":0,"href":"https:\/\/www.europesays.com\/fr\/wp-json\/wp\/v2\/posts\/475864\/revisions"}],"wp:featuredmedia":[{"embeddable":true,"href":"https:\/\/www.europesays.com\/fr\/wp-json\/wp\/v2\/media\/475865"}],"wp:attachment":[{"href":"https:\/\/www.europesays.com\/fr\/wp-json\/wp\/v2\/media?parent=475864"}],"wp:term":[{"taxonomy":"category","embeddable":true,"href":"https:\/\/www.europesays.com\/fr\/wp-json\/wp\/v2\/categories?post=475864"},{"taxonomy":"post_tag","embeddable":true,"href":"https:\/\/www.europesays.com\/fr\/wp-json\/wp\/v2\/tags?post=475864"}],"curies":[{"name":"wp","href":"https:\/\/api.w.org\/{rel}","templated":true}]}}