{"id":475880,"date":"2025-10-20T00:16:29","date_gmt":"2025-10-20T00:16:29","guid":{"rendered":"https:\/\/www.europesays.com\/fr\/475880\/"},"modified":"2025-10-20T00:16:29","modified_gmt":"2025-10-20T00:16:29","slug":"ne-laissez-passer-personne-a-rouen-manifestants-dultra-droite-et-contre-manifestants-ne-se-sont-pas-croises","status":"publish","type":"post","link":"https:\/\/www.europesays.com\/fr\/475880\/","title":{"rendered":"\u00ab\u00a0Ne laissez passer personne\u00a0\u00bb\u00a0: \u00e0 Rouen, manifestants d\u2019ultra-droite et contre-manifestants ne se sont pas crois\u00e9s"},"content":{"rendered":"<p class=\"paragraph text_align_left lp-f-body-02\">Interdite en 2023, \u00ab La marche des Normands \u00bb, organis\u00e9e par un groupe d\u00e9nomm\u00e9 \u00ab Les Normaux \u00bb se pr\u00e9sentant comme un \u00ab collectif militant enracin\u00e9 et patriote, blancs, h\u00e9t\u00e9rosexuels \u00bb, s\u2019est d\u00e9roul\u00e9e dans les rues <a href=\"https:\/\/www.leparisien.fr\/societe\/la-reponse-ne-peut-pas-tout-le-temps-venir-de-lecole-dans-ce-college-de-rouen-on-napplique-pas-la-pause-portable-07-10-2025-FAM7QEJWWVBQLOSJDR2XTP4AMM.php\" target=\"_self\" rel=\"noopener\">de Rouen (Seine-Maritime)<\/a> le samedi 18 octobre malgr\u00e9 une forte contestation d\u2019\u00e9lus dont le maire Nicolas Mayer-Rossignol, le conseiller d\u00e9partemental \u00e9cologiste Jean-Michel B\u00e9r\u00e9govoy \u2212 auteur d\u2019un courrier au pr\u00e9fet \u2212 mais aussi des sp\u00e9cialistes de l\u2019histoire et la culture normande.<\/p>\n<p>\u00ab C\u2019est \u00e0 l\u2019encontre de tout notre travail de recherche de v\u00e9rit\u00e9 historique \u00bb<\/p>\n<p class=\"paragraph text_align_left lp-f-body-02\">Parmi eux, le D\u00e9partement d\u2019histoire de l\u2019Universit\u00e9 de Rouen, la Cit\u00e9 Viking, de nombreux chercheurs, enseignants, guides et conf\u00e9renciers, signataires d\u2019un communiqu\u00e9 annon\u00e7ant \u00ab n\u2019avoir rien \u00e0 voir avec La marche des Normands \u00bb : \u00ab Elle n\u2019a aucune reconnaissance et aucun soutien des personnes travaillant sur l\u2019histoire de la Normandie et la valorisation de la culture. Nous refusons cat\u00e9goriquement que l\u2019image de notre r\u00e9gion soit associ\u00e9e \u00e0 une identit\u00e9 r\u00e9actionnaire, de rejet et d\u2019exclusion. C\u2019est \u00e0 l\u2019encontre de tout le travail de recherche de v\u00e9rit\u00e9 historique, de m\u00e9diation scientifique et de valorisation culturelle que nous menons. \u00bb<\/p>\n<p class=\"paragraph text_align_left lp-f-body-02\">Ils n\u2019ont cependant pas \u00e9t\u00e9 entendus puisque la pr\u00e9fecture n\u2019a pas interdit l\u2019action : \u00ab Comme pour tout rassemblement, le pr\u00e9fet est garant \u00e0 la fois du respect de la libert\u00e9 de manifester et de la pr\u00e9servation de l\u2019ordre public. (\u2026) En l\u2019esp\u00e8ce et en l\u2019\u00e9tat des informations disponibles, il n\u2019y a pas d\u2019\u00e9l\u00e9ments qui justifieraient une telle mesure \u00e0 l\u2019encontre des diff\u00e9rentes initiatives qui ont \u00e9t\u00e9 d\u00e9clar\u00e9es \u00e0 la pr\u00e9fecture au cours des derniers jours pour les rassemblements de ce samedi 18 octobre. Les forces de l\u2019ordre seront cependant mobilis\u00e9es \u00e0 titre pr\u00e9ventif et suivront de pr\u00e8s le d\u00e9roulement des rassemblements, avec les moyens d\u2019intervention utiles si cela s\u2019av\u00e9rait n\u00e9cessaire. \u00bb<\/p>\n<p>Le jeu du chat et de la souris<\/p>\n<p class=\"paragraph text_align_left lp-f-body-02\">En r\u00e9sulte une soir\u00e9e o\u00f9 on a jou\u00e9 au chat et \u00e0 la souris dans les rues de Rouen et ce sont les Gendarmes mobiles et les CRS qui ont remport\u00e9 la partie puisque tout s\u2019est d\u00e9roul\u00e9 dans le calme. D\u2019un c\u00f4t\u00e9, 200 sympathisants de l\u2019ultra-droite locale \u00ab venus c\u00e9l\u00e9brer l\u2019identit\u00e9 mill\u00e9naire \u00bb se sont r\u00e9unis au pied de la statue de Rollon, fondateur de la Normandie dans le parc de l\u2019H\u00f4tel de ville avant de parcourir quelques rues. De l\u2019autre, pr\u00e8s de 400 militants de syndicats, de collectifs, de partis politiques de Gauche, mais aussi de nombreuses Rouennaises et Rouennais se sont \u00e9lanc\u00e9s du Th\u00e9\u00e2tre des Arts. Ils ont \u00e9t\u00e9 imm\u00e9diatement bloqu\u00e9s \u00e0 quelques centaines de m\u00e8tres dans la rue Jeanne-d\u2019Arc. \u00ab Ne laissez passer personne \u00bb fut la consigne des officiers de la Gendarmerie Mobile et des CRS. \u00c0 partir de l\u00e0, ce fut un d\u00e9fil\u00e9 dans les rues parall\u00e8les pour chercher l\u2019ouverture vers l\u2019H\u00f4tel de ville sans jamais y parvenir avant de se disperser au pied de la rue de la R\u00e9publique.<\/p>\n<p class=\"paragraph text_align_left lp-f-body-02\">Rencontr\u00e9 par hasard devant l\u2019op\u00e9ra, Marc-Antoine Jamet, le maire de Val-de-Reuil, membre du Parti socialiste, qui n\u2019\u00e9tait \u00ab pas au courant de la marche \u00bb, a toutefois r\u00e9agi : \u00ab C\u2019est la confrontation entre la culture d\u2019un c\u00f4t\u00e9 et l\u2019absence de culture de l\u2019autre. L\u00e0, je suis avec une d\u00e9l\u00e9gation allemande et polonaise, une manifestation europ\u00e9enne de sympathie, d\u2019entraide, de compr\u00e9hension, d\u2019ouverture des fronti\u00e8res et de solidarit\u00e9. En face, c\u2019est une manifestation d\u2019enfermement de gens scl\u00e9ros\u00e9s, renferm\u00e9s dans leurs id\u00e9es. C\u2019est un peu triste. On ferait mieux de s\u2019ouvrir. \u00bb<\/p>\n","protected":false},"excerpt":{"rendered":"Interdite en 2023, \u00ab La marche des Normands \u00bb, organis\u00e9e par un groupe d\u00e9nomm\u00e9 \u00ab Les Normaux \u00bb&hellip;\n","protected":false},"author":2,"featured_media":475881,"comment_status":"","ping_status":"","sticky":false,"template":"","format":"standard","meta":{"footnotes":""},"categories":[9587],"tags":[1111,917,11,459,1777,674,1011,27,12,5161,25,9590,11074,104],"class_list":{"0":"post-475880","1":"post","2":"type-post","3":"status-publish","4":"format-standard","5":"has-post-thumbnail","7":"category-rouen","8":"tag-actu","9":"tag-actu-locale","10":"tag-actualites","11":"tag-departements-horsidfo","12":"tag-eu","13":"tag-europe","14":"tag-fr","15":"tag-france","16":"tag-news","17":"tag-normandie","18":"tag-republique-francaise","19":"tag-rouen","20":"tag-seine-maritime-76","21":"tag-societe"},"share_on_mastodon":{"url":"https:\/\/pubeurope.com\/@fr\/115403619221226631","error":""},"_links":{"self":[{"href":"https:\/\/www.europesays.com\/fr\/wp-json\/wp\/v2\/posts\/475880","targetHints":{"allow":["GET"]}}],"collection":[{"href":"https:\/\/www.europesays.com\/fr\/wp-json\/wp\/v2\/posts"}],"about":[{"href":"https:\/\/www.europesays.com\/fr\/wp-json\/wp\/v2\/types\/post"}],"author":[{"embeddable":true,"href":"https:\/\/www.europesays.com\/fr\/wp-json\/wp\/v2\/users\/2"}],"replies":[{"embeddable":true,"href":"https:\/\/www.europesays.com\/fr\/wp-json\/wp\/v2\/comments?post=475880"}],"version-history":[{"count":0,"href":"https:\/\/www.europesays.com\/fr\/wp-json\/wp\/v2\/posts\/475880\/revisions"}],"wp:featuredmedia":[{"embeddable":true,"href":"https:\/\/www.europesays.com\/fr\/wp-json\/wp\/v2\/media\/475881"}],"wp:attachment":[{"href":"https:\/\/www.europesays.com\/fr\/wp-json\/wp\/v2\/media?parent=475880"}],"wp:term":[{"taxonomy":"category","embeddable":true,"href":"https:\/\/www.europesays.com\/fr\/wp-json\/wp\/v2\/categories?post=475880"},{"taxonomy":"post_tag","embeddable":true,"href":"https:\/\/www.europesays.com\/fr\/wp-json\/wp\/v2\/tags?post=475880"}],"curies":[{"name":"wp","href":"https:\/\/api.w.org\/{rel}","templated":true}]}}