{"id":475884,"date":"2025-10-20T00:20:39","date_gmt":"2025-10-20T00:20:39","guid":{"rendered":"https:\/\/www.europesays.com\/fr\/475884\/"},"modified":"2025-10-20T00:20:39","modified_gmt":"2025-10-20T00:20:39","slug":"un-livreur-de-22-ans-conduit-a-lhopital-apres-une-agression-a-rennes-trois-individus-en","status":"publish","type":"post","link":"https:\/\/www.europesays.com\/fr\/475884\/","title":{"rendered":"Un livreur de 22\u00a0ans conduit \u00e0 l\u2019h\u00f4pital apr\u00e8s une agression \u00e0 Rennes\u00a0: trois individus en"},"content":{"rendered":"<p>Dans la nuit du jeudi\u00a016 au vendredi 17\u00a0octobre 2025, la police a \u00e9t\u00e9 mobilis\u00e9e vers 3\u00a0h\u00a030 du matin, pour une agression violente dans le quartier de la Bellangerais, rue Emile-Bernard, dans le nord de <a href=\"https:\/\/rennes.maville.com\/info\/info-locale\/\" target=\"_self\" rel=\"nofollow noopener\">Rennes<\/a> (Ille-et-Vilaine). Un livreur leur a indiqu\u00e9 avoir \u00e9t\u00e9 frapp\u00e9 par trois individus qui auraient ensuite pris la fuite.<\/p>\n<p><strong>Lire aussi :<\/strong>\u00a0<a href=\"https:\/\/rennes.maville.com\/actu\/actudet_-soupconnes-d-avoir-organise-un-trafic-de-drogue-en-bretagne-douze-personnes-interpellees-a-rennes-_5-7025326_actu.Htm\" target=\"_self\" rel=\"nofollow noopener\">Soup\u00e7onn\u00e9s d\u2019avoir organis\u00e9 un trafic de drogue en Bretagne : douze personnes interpell\u00e9es \u00e0 Rennes<\/a><\/p>\n<p>Le jeune homme conduit \u00e0 l\u2019h\u00f4pital<\/p>\n<p>Selon son t\u00e9moignage, le trio aurait tent\u00e9 de lui soutirer de l\u2019argent avant de lui infliger de multiples coups, apr\u00e8s que le jeune homme leur a r\u00e9pondu ne rien avoir sur lui.<\/p>\n<p>\u00c2g\u00e9 de 22\u00a0ans, il a \u00e9t\u00e9 conduit au Centre hospitalier de Pontchaillou (CHU). Aucune interpellation n\u2019a encore eu lieu dans le cadre de cette affaire.<\/p>\n<p>\u00a0<\/p>\n","protected":false},"excerpt":{"rendered":"Dans la nuit du jeudi\u00a016 au vendredi 17\u00a0octobre 2025, la police a \u00e9t\u00e9 mobilis\u00e9e vers 3\u00a0h\u00a030 du matin,&hellip;\n","protected":false},"author":2,"featured_media":475885,"comment_status":"","ping_status":"","sticky":false,"template":"","format":"standard","meta":{"footnotes":""},"categories":[2821],"tags":[10508,1111,11,1120,1764,829,52262,1777,674,1011,27,7066,100,20099,6760,1781,12,584,25],"class_list":{"0":"post-475884","1":"post","2":"type-post","3":"status-publish","4":"format-standard","5":"has-post-thumbnail","7":"category-rennes","8":"tag-10508","9":"tag-actu","10":"tag-actualites","11":"tag-agression","12":"tag-ans","13":"tag-bretagne","14":"tag-conduit","15":"tag-eu","16":"tag-europe","17":"tag-fr","18":"tag-france","19":"tag-fuite","20":"tag-hopital","21":"tag-individus","22":"tag-livreur","23":"tag-lorient","24":"tag-news","25":"tag-rennes","26":"tag-republique-francaise"},"share_on_mastodon":{"url":"https:\/\/pubeurope.com\/@fr\/115403635807278036","error":""},"_links":{"self":[{"href":"https:\/\/www.europesays.com\/fr\/wp-json\/wp\/v2\/posts\/475884","targetHints":{"allow":["GET"]}}],"collection":[{"href":"https:\/\/www.europesays.com\/fr\/wp-json\/wp\/v2\/posts"}],"about":[{"href":"https:\/\/www.europesays.com\/fr\/wp-json\/wp\/v2\/types\/post"}],"author":[{"embeddable":true,"href":"https:\/\/www.europesays.com\/fr\/wp-json\/wp\/v2\/users\/2"}],"replies":[{"embeddable":true,"href":"https:\/\/www.europesays.com\/fr\/wp-json\/wp\/v2\/comments?post=475884"}],"version-history":[{"count":0,"href":"https:\/\/www.europesays.com\/fr\/wp-json\/wp\/v2\/posts\/475884\/revisions"}],"wp:featuredmedia":[{"embeddable":true,"href":"https:\/\/www.europesays.com\/fr\/wp-json\/wp\/v2\/media\/475885"}],"wp:attachment":[{"href":"https:\/\/www.europesays.com\/fr\/wp-json\/wp\/v2\/media?parent=475884"}],"wp:term":[{"taxonomy":"category","embeddable":true,"href":"https:\/\/www.europesays.com\/fr\/wp-json\/wp\/v2\/categories?post=475884"},{"taxonomy":"post_tag","embeddable":true,"href":"https:\/\/www.europesays.com\/fr\/wp-json\/wp\/v2\/tags?post=475884"}],"curies":[{"name":"wp","href":"https:\/\/api.w.org\/{rel}","templated":true}]}}