{"id":475888,"date":"2025-10-20T00:23:17","date_gmt":"2025-10-20T00:23:17","guid":{"rendered":"https:\/\/www.europesays.com\/fr\/475888\/"},"modified":"2025-10-20T00:23:17","modified_gmt":"2025-10-20T00:23:17","slug":"previsions-du-lundi-20-octobre-2025-9","status":"publish","type":"post","link":"https:\/\/www.europesays.com\/fr\/475888\/","title":{"rendered":"pr\u00e9visions du lundi 20 octobre 2025"},"content":{"rendered":"<p class=\"mb-4 text-lg md:leading-8 break-words\"><strong>M\u00e9t\u00e9o &#8211; Le ciel va s&rsquo;\u00e9claircir au cours de la journ\u00e9e. Les temp\u00e9ratures seront de 13\u00b0C le matin et de 14\u00b0C l&rsquo;apr\u00e8s-midi&#8230;<\/strong><\/p>\n<p class=\"mb-4 text-lg md:leading-8 break-words\">Aujourd&rsquo;hui, les valeurs seront comprises entre 11 et 15\u00b0C \u00e0 Strasbourg. Il faudra pr\u00e9voir son parapluie le matin pour \u00e9viter la bruine l\u00e9g\u00e8re. Les temp\u00e9ratures seront de 12\u00b0C au plus bas et de 14\u00b0C au plus haut. Un petit vent de sud soufflera. L&rsquo;apr\u00e8s-midi, des nuages \u00e9mailleront le ciel, g\u00eanant ainsi l&rsquo;arriv\u00e9e du soleil. Les valeurs s&rsquo;\u00e9chelonneront entre 12\u00b0C et 15\u00b0C. Un vent de sud-ouest est pr\u00e9vu : il soufflera \u00e0 23 km\/h. Le ciel sera assez lumineux, avec quelques \u00e9claircies le soir. Les temp\u00e9ratures iront de 12 \u00e0 13\u00b0C. Entre lundi et mardi, la nuit sera pluvieuse.<\/p>\n<p class=\"mb-4 text-lg md:leading-8 break-words\">Encore de la grisaille demain. Les nuages vont s&rsquo;attarder sur Strasbourg. Intemp\u00e9ries : on pr\u00e9voit des pluies \u00e9parses. C&rsquo;est une hausse de quelques degr\u00e9s que vont conna\u00eetre les temp\u00e9ratures. Il fera 14\u00b0C en moyenne. Une modeste brise de sud-ouest sera ressentie par les habitants. On observera la pr\u00e9sence persistante de nuages le matin. Les maximales atteindront les 14\u00b0C alors que les minimales seront de 12\u00b0C. Demain apr\u00e8s-midi, des nuages ne voudront pas c\u00e9der leur place au soleil. Les valeurs afficheront entre 13 et 15\u00b0C. Demain soir, la m\u00e9t\u00e9o sera marqu\u00e9e par de la bruine.<\/p>\n<p class=\"mb-4 text-lg md:leading-8 break-words\">Les jours passent et se ressemblent. On pr\u00e9voit des journ\u00e9es pluvieuses, avec des temp\u00e9ratures dans les 14\u00b0C en moyenne.<\/p>\n<p class=\"mb-4 text-lg md:leading-8 break-words\"><a href=\"https:\/\/www.20minutes.fr\/planete\/previsions-meteo\/4180233-20251020-meteo-strasbourg-previsions-lundi-20-octobre-2025?at_medium=RSS%20feed&amp;at_campaign=ynews&amp;utm_source=yahoo&amp;utm_medium=rss&amp;utm_campaign=news_feed&amp;utm_content=read_more_link&quot;\" rel=\"nofollow noopener\" target=\"_blank\" data-ylk=\"slk:Lire la suite sur 20minutes;elm:context_link;itc:0;sec:content-canvas\" class=\"link \">Lire la suite sur 20minutes<\/a><\/p>\n","protected":false},"excerpt":{"rendered":"M\u00e9t\u00e9o &#8211; Le ciel va s&rsquo;\u00e9claircir au cours de la journ\u00e9e. Les temp\u00e9ratures seront de 13\u00b0C le matin&hellip;\n","protected":false},"author":2,"featured_media":475889,"comment_status":"","ping_status":"","sticky":false,"template":"","format":"standard","meta":{"footnotes":""},"categories":[2820],"tags":[1111,11,1777,674,1011,27,775,29508,44166,12,25,640],"class_list":{"0":"post-475888","1":"post","2":"type-post","3":"status-publish","4":"format-standard","5":"has-post-thumbnail","7":"category-strasbourg","8":"tag-actu","9":"tag-actualites","10":"tag-eu","11":"tag-europe","12":"tag-fr","13":"tag-france","14":"tag-grand-est","15":"tag-le-ciel","16":"tag-le-matin","17":"tag-news","18":"tag-republique-francaise","19":"tag-strasbourg"},"share_on_mastodon":{"url":"https:\/\/pubeurope.com\/@fr\/115403646744699566","error":""},"_links":{"self":[{"href":"https:\/\/www.europesays.com\/fr\/wp-json\/wp\/v2\/posts\/475888","targetHints":{"allow":["GET"]}}],"collection":[{"href":"https:\/\/www.europesays.com\/fr\/wp-json\/wp\/v2\/posts"}],"about":[{"href":"https:\/\/www.europesays.com\/fr\/wp-json\/wp\/v2\/types\/post"}],"author":[{"embeddable":true,"href":"https:\/\/www.europesays.com\/fr\/wp-json\/wp\/v2\/users\/2"}],"replies":[{"embeddable":true,"href":"https:\/\/www.europesays.com\/fr\/wp-json\/wp\/v2\/comments?post=475888"}],"version-history":[{"count":0,"href":"https:\/\/www.europesays.com\/fr\/wp-json\/wp\/v2\/posts\/475888\/revisions"}],"wp:featuredmedia":[{"embeddable":true,"href":"https:\/\/www.europesays.com\/fr\/wp-json\/wp\/v2\/media\/475889"}],"wp:attachment":[{"href":"https:\/\/www.europesays.com\/fr\/wp-json\/wp\/v2\/media?parent=475888"}],"wp:term":[{"taxonomy":"category","embeddable":true,"href":"https:\/\/www.europesays.com\/fr\/wp-json\/wp\/v2\/categories?post=475888"},{"taxonomy":"post_tag","embeddable":true,"href":"https:\/\/www.europesays.com\/fr\/wp-json\/wp\/v2\/tags?post=475888"}],"curies":[{"name":"wp","href":"https:\/\/api.w.org\/{rel}","templated":true}]}}