{"id":475896,"date":"2025-10-20T00:29:12","date_gmt":"2025-10-20T00:29:12","guid":{"rendered":"https:\/\/www.europesays.com\/fr\/475896\/"},"modified":"2025-10-20T00:29:12","modified_gmt":"2025-10-20T00:29:12","slug":"previsions-du-lundi-20-octobre-2025-11","status":"publish","type":"post","link":"https:\/\/www.europesays.com\/fr\/475896\/","title":{"rendered":"pr\u00e9visions du lundi 20 octobre 2025"},"content":{"rendered":"<p class=\"mb-4 text-lg md:leading-8 break-words\"><strong>M\u00e9t\u00e9o &#8211; Aujourd&rsquo;hui, toujours des nuages dans le ciel qui emp\u00eachent le soleil d&rsquo;appara\u00eetre. Des pluies \u00e9parses sont attendues. Les temp\u00e9ratures seront de 17\u00b0C la matin\u00e9e et de 19\u00b0C l&rsquo;apr\u00e8s-midi&#8230;<\/strong><\/p>\n<p class=\"mb-4 text-lg md:leading-8 break-words\">Aujourd&rsquo;hui, Bordeaux devra encore patienter avant que les nuages ne se dissipent. Il faudra s&rsquo;attendre \u00e0 des perturbations, les Bordelais se retrouveront sous des pluies \u00e9parses. On pr\u00e9voit des valeurs avoisinant 17\u00b0C. Un vent de sud-ouest soufflera l\u00e9g\u00e8rement. Le matin, le thermom\u00e8tre affichera 17\u00b0C en moyenne. L&rsquo;apr\u00e8s-midi, le soleil sera dissimul\u00e9 derri\u00e8re des nuages. Les temp\u00e9ratures seront de 17\u00b0C au plus bas et de 19\u00b0C au plus haut. La soir\u00e9e va rester voil\u00e9e \u00e0 cause de nuages qui perdurent dans le ciel. Des pluies \u00e9parses vont tomber sur la ville. Durant votre sommeil, dans la nuit de lundi \u00e0 mardi, le ciel sera pluvieux.<\/p>\n<p class=\"mb-4 text-lg md:leading-8 break-words\">Des averses sont pr\u00e9vues demain, et peuvent perturber les activit\u00e9s ext\u00e9rieures \u00e0 Bordeaux. Il fera 17\u00b0C en moyenne. Les nuages seront visibles le matin. Les valeurs seront comprises entre 14 et 17\u00b0C. Un vent de sud-ouest est pr\u00e9vu : il soufflera \u00e0 20 km\/h. Les temp\u00e9ratures afficheront entre 17 et 19\u00b0C demain apr\u00e8s-midi. Une petite brise d&rsquo;ouest soufflera. Il sera difficile de rester au sec car de la pluie est annonc\u00e9e dans la soir\u00e9e. Un modeste vent de sud-ouest sera ressenti par les habitants.<\/p>\n<p class=\"mb-4 text-lg md:leading-8 break-words\">Les jours se suivent et ne changent pas. Des temp\u00e9ratures dans les 18\u00b0C iront de pair avec un ciel pluvieux.<\/p>\n<p class=\"mb-4 text-lg md:leading-8 break-words\"><a href=\"https:\/\/www.20minutes.fr\/planete\/previsions-meteo\/4180235-20251020-meteo-bordeaux-previsions-lundi-20-octobre-2025?at_medium=RSS%20feed&amp;at_campaign=ynews&amp;utm_source=yahoo&amp;utm_medium=rss&amp;utm_campaign=news_feed&amp;utm_content=read_more_link&quot;\" rel=\"nofollow noopener\" target=\"_blank\" data-ylk=\"slk:Lire la suite sur 20minutes;elm:context_link;itc:0;sec:content-canvas\" class=\"link \">Lire la suite sur 20minutes<\/a><\/p>\n","protected":false},"excerpt":{"rendered":"M\u00e9t\u00e9o &#8211; Aujourd&rsquo;hui, toujours des nuages dans le ciel qui emp\u00eachent le soleil d&rsquo;appara\u00eetre. Des pluies \u00e9parses sont&hellip;\n","protected":false},"author":2,"featured_media":475897,"comment_status":"","ping_status":"","sticky":false,"template":"","format":"standard","meta":{"footnotes":""},"categories":[2817],"tags":[1111,11,1997,1777,674,1011,27,6172,12,2219,25,2224],"class_list":{"0":"post-475896","1":"post","2":"type-post","3":"status-publish","4":"format-standard","5":"has-post-thumbnail","7":"category-bordeaux","8":"tag-actu","9":"tag-actualites","10":"tag-bordeaux","11":"tag-eu","12":"tag-europe","13":"tag-fr","14":"tag-france","15":"tag-le-soleil","16":"tag-news","17":"tag-nouvelle-aquitaine","18":"tag-republique-francaise","19":"tag-sud-ouest"},"share_on_mastodon":{"url":"https:\/\/pubeurope.com\/@fr\/115403671504763843","error":""},"_links":{"self":[{"href":"https:\/\/www.europesays.com\/fr\/wp-json\/wp\/v2\/posts\/475896","targetHints":{"allow":["GET"]}}],"collection":[{"href":"https:\/\/www.europesays.com\/fr\/wp-json\/wp\/v2\/posts"}],"about":[{"href":"https:\/\/www.europesays.com\/fr\/wp-json\/wp\/v2\/types\/post"}],"author":[{"embeddable":true,"href":"https:\/\/www.europesays.com\/fr\/wp-json\/wp\/v2\/users\/2"}],"replies":[{"embeddable":true,"href":"https:\/\/www.europesays.com\/fr\/wp-json\/wp\/v2\/comments?post=475896"}],"version-history":[{"count":0,"href":"https:\/\/www.europesays.com\/fr\/wp-json\/wp\/v2\/posts\/475896\/revisions"}],"wp:featuredmedia":[{"embeddable":true,"href":"https:\/\/www.europesays.com\/fr\/wp-json\/wp\/v2\/media\/475897"}],"wp:attachment":[{"href":"https:\/\/www.europesays.com\/fr\/wp-json\/wp\/v2\/media?parent=475896"}],"wp:term":[{"taxonomy":"category","embeddable":true,"href":"https:\/\/www.europesays.com\/fr\/wp-json\/wp\/v2\/categories?post=475896"},{"taxonomy":"post_tag","embeddable":true,"href":"https:\/\/www.europesays.com\/fr\/wp-json\/wp\/v2\/tags?post=475896"}],"curies":[{"name":"wp","href":"https:\/\/api.w.org\/{rel}","templated":true}]}}