{"id":475903,"date":"2025-10-20T00:36:17","date_gmt":"2025-10-20T00:36:17","guid":{"rendered":"https:\/\/www.europesays.com\/fr\/475903\/"},"modified":"2025-10-20T00:36:17","modified_gmt":"2025-10-20T00:36:17","slug":"une-journee-de-musiques-et-de-voyages-a-marseille","status":"publish","type":"post","link":"https:\/\/www.europesays.com\/fr\/475903\/","title":{"rendered":"une journ\u00e9e de musiques et de voyages \u00e0 Marseille"},"content":{"rendered":"<p>Treize \u00e9tapes culturelles, dont six concerts, comme autant d\u2019occasions de prendre la mer vers l\u2019imaginaire, la rencontre, le dialogue, la d\u00e9couverte. Depuis\u00a02022, <a href=\"https:\/\/www.laprovence.com\/article\/culture-loisirs\/4854525235204214\/au-bout-la-mer-bleue-une-manifestation-poetique-qui-fait-sens-a-marseille\" target=\"_blank\" rel=\"noopener\">la manifestation gratuite \u00ab\u00a0Au bout, la mer\u00a0\u00bb<\/a>, port\u00e9e par la mairie des 1er-7e, n&rsquo;avait plus invit\u00e9 la musique, pourtant formidable vecteur de lien et de m\u00e9tissage. \u00c0 la fois tourn\u00e9e vers la dimension maritime de Marseille et la culture, elle lui pr\u00e9f\u00e9rait, ces derniers temps, le cirque et les arts de la rue. Ce dimanche 19\u00a0octobre, en collaboration avec La Clique production, elle a remis le cap sur les concerts. Six au total, r\u00e9partis sur trois sc\u00e8nes, comme autant de ports d\u2019attache\u00a0: \u00e0 l\u2019angle de la rue Saint-Ferr\u00e9ol, au niveau du Palais de la bourse et au Port antique.<\/p>\n<p>Si la bruine du matin a un peu d\u00e9courag\u00e9 les spectateurs, ils \u00e9taient bien pr\u00e9sents devant le duo Chu Chi Cha, sur les coups de 14\u00a0heures. Sous un soleil retrouv\u00e9, le tandem \u00e9lectro-cumbia compos\u00e9 de Lolita Ponce et David Santis en a profit\u00e9 pour d\u00e9rouler son set dansant, m\u00ealant instruments acoustiques et machines, afin de d\u00e9brider la musique latine et les passants. Sans temps mort, la foule voguait ensuite vers la transe disco-rock congolaise de <a href=\"https:\/\/www.laprovence.com\/article\/culture-loisirs\/2381344863309114\/le-collectif-de-kinshasa-fulu-miziki-est-a-laffiche-du-festival-de-musiques-inde-the-echo-a-marseille\" target=\"_blank\" rel=\"noopener\">Fulu Mizi<\/a>&#8230;<\/p>\n","protected":false},"excerpt":{"rendered":"Treize \u00e9tapes culturelles, dont six concerts, comme autant d\u2019occasions de prendre la mer vers l\u2019imaginaire, la rencontre, le&hellip;\n","protected":false},"author":2,"featured_media":475904,"comment_status":"","ping_status":"","sticky":false,"template":"","format":"standard","meta":{"footnotes":""},"categories":[2814],"tags":[17,1111,11,3031,18139,251,1777,674,1011,27,3465,884,6127,1698,12,882,25,96,1666],"class_list":{"0":"post-475903","1":"post","2":"type-post","3":"status-publish","4":"format-standard","5":"has-post-thumbnail","7":"category-marseille","8":"tag-17","9":"tag-actu","10":"tag-actualites","11":"tag-au","12":"tag-bout","13":"tag-culture","14":"tag-eu","15":"tag-europe","16":"tag-fr","17":"tag-france","18":"tag-journee","19":"tag-marseille","20":"tag-mer","21":"tag-musiques","22":"tag-news","23":"tag-provence-alpes-cote-dazur","24":"tag-republique-francaise","25":"tag-une","26":"tag-voyages"},"share_on_mastodon":{"url":"https:\/\/pubeurope.com\/@fr\/115403697864487627","error":""},"_links":{"self":[{"href":"https:\/\/www.europesays.com\/fr\/wp-json\/wp\/v2\/posts\/475903","targetHints":{"allow":["GET"]}}],"collection":[{"href":"https:\/\/www.europesays.com\/fr\/wp-json\/wp\/v2\/posts"}],"about":[{"href":"https:\/\/www.europesays.com\/fr\/wp-json\/wp\/v2\/types\/post"}],"author":[{"embeddable":true,"href":"https:\/\/www.europesays.com\/fr\/wp-json\/wp\/v2\/users\/2"}],"replies":[{"embeddable":true,"href":"https:\/\/www.europesays.com\/fr\/wp-json\/wp\/v2\/comments?post=475903"}],"version-history":[{"count":0,"href":"https:\/\/www.europesays.com\/fr\/wp-json\/wp\/v2\/posts\/475903\/revisions"}],"wp:featuredmedia":[{"embeddable":true,"href":"https:\/\/www.europesays.com\/fr\/wp-json\/wp\/v2\/media\/475904"}],"wp:attachment":[{"href":"https:\/\/www.europesays.com\/fr\/wp-json\/wp\/v2\/media?parent=475903"}],"wp:term":[{"taxonomy":"category","embeddable":true,"href":"https:\/\/www.europesays.com\/fr\/wp-json\/wp\/v2\/categories?post=475903"},{"taxonomy":"post_tag","embeddable":true,"href":"https:\/\/www.europesays.com\/fr\/wp-json\/wp\/v2\/tags?post=475903"}],"curies":[{"name":"wp","href":"https:\/\/api.w.org\/{rel}","templated":true}]}}