{"id":475905,"date":"2025-10-20T00:39:18","date_gmt":"2025-10-20T00:39:18","guid":{"rendered":"https:\/\/www.europesays.com\/fr\/475905\/"},"modified":"2025-10-20T00:39:18","modified_gmt":"2025-10-20T00:39:18","slug":"grosse-grosse-tuile-pour-amine-gouiri-france-olympique-de-marseille","status":"publish","type":"post","link":"https:\/\/www.europesays.com\/fr\/475905\/","title":{"rendered":"Grosse grosse tuile pour Amine Gouiri &#8211; France &#8211; Olympique de Marseille"},"content":{"rendered":"<p>La f\u00eate est d\u00e9j\u00e0 g\u00e2ch\u00e9e.<\/p>\n<p>Si l\u2019OM s\u2019est r\u00e9gal\u00e9 <a target=\"_blank\" href=\"https:\/\/www.sofoot.com\/articles\/ligue-1-marseille-ecrabouille-le-havre-et-passe-leader\" rel=\"noopener\">ce samedi au V\u00e9lodrome contre Le Havre (6-2)<\/a>, il a \u00e9galement donn\u00e9 des nouvelles \u2013 plut\u00f4t mauvaises \u2013 de son attaquant Amine Gouri, revenu bless\u00e9 de s\u00e9lection apr\u00e8s un violent choc avec le gardien ougandais Salim Magoola. \u00ab\u202fAmine Gouiri <strong>va \u00eatre op\u00e9r\u00e9 de l\u2019\u00e9paule droite<\/strong>, \u00e9crit le club. Cette intervention, d\u00e9cid\u00e9e d\u2019un commun accord entre le joueur et le club, fait suite \u00e0 plusieurs \u00e9pisodes de luxation survenus ces derniers mois. Amine observera <strong>une p\u00e9riode de r\u00e9\u00e9ducation estim\u00e9e \u00e0 environ trois mois<\/strong>.\u202f\u00bb Gouiri va ainsi manquer la Coupe d\u2019Afrique des nations (21 d\u00e9cembre \u2013 18 janvier) et de nombreuses \u00e9ch\u00e9ances avec l\u2019OM.<\/p>\n<blockquote class=\"twitter-tweet\">\n<p lang=\"fr\" dir=\"ltr\">Communiqu\u00e9 m\u00e9dical de l&rsquo;Olympique de Marseille<\/p>\n<p>\u2014 Olympique de Marseille (@OM_Officiel) <a target=\"_blank\" href=\"https:\/\/twitter.com\/OM_Officiel\/status\/1979659151736487953?ref_src=twsrc%5Etfw\" rel=\"noopener\">October 18, 2025<\/a><\/p><\/blockquote>\n<p>Le joueur form\u00e9 \u00e0 l\u2019OL allait conna\u00eetre sa premi\u00e8re grande comp\u00e9tition internationale\u2026<\/p>\n<p>\t\t\t\t\t\t\t\t\t\t<a class=\"lien-connexe\" href=\"https:\/\/www.sofoot.com\/breves\/amine-gouiri-met-la-pression-a-rayan-cherki-et-maghnes-akliouche-pour-quils-rejoignent-lalgerie\" target=\"_blank\" rel=\"noopener\">Amine Gouiri met la pression \u00e0 Cherki et Akliouche pour qu\u2019ils rejoignent l\u2019Alg\u00e9rie<\/a>\t\t\t\t\t<script async src=\"https:\/\/platform.twitter.com\/widgets.js\" charset=\"utf-8\"><\/script><\/p>\n","protected":false},"excerpt":{"rendered":"La f\u00eate est d\u00e9j\u00e0 g\u00e2ch\u00e9e. Si l\u2019OM s\u2019est r\u00e9gal\u00e9 ce samedi au V\u00e9lodrome contre Le Havre (6-2), il&hellip;\n","protected":false},"author":2,"featured_media":475906,"comment_status":"","ping_status":"","sticky":false,"template":"","format":"standard","meta":{"footnotes":""},"categories":[2814],"tags":[1111,47,11,61,69,65,64,1777,674,63,1011,27,68,66,884,12,62,70,882,25,67],"class_list":{"0":"post-475905","1":"post","2":"type-post","3":"status-publish","4":"format-standard","5":"has-post-thumbnail","7":"category-marseille","8":"tag-actu","9":"tag-actualite","10":"tag-actualites","11":"tag-actus-football","12":"tag-bundesliga","13":"tag-championnats-europeens","14":"tag-equipe-de-france","15":"tag-eu","16":"tag-europe","17":"tag-football","18":"tag-fr","19":"tag-france","20":"tag-ligua","21":"tag-ligue-1","22":"tag-marseille","23":"tag-news","24":"tag-news-foot","25":"tag-premier-league","26":"tag-provence-alpes-cote-dazur","27":"tag-republique-francaise","28":"tag-serie-a"},"share_on_mastodon":{"url":"https:\/\/pubeurope.com\/@fr\/115403709732579925","error":""},"_links":{"self":[{"href":"https:\/\/www.europesays.com\/fr\/wp-json\/wp\/v2\/posts\/475905","targetHints":{"allow":["GET"]}}],"collection":[{"href":"https:\/\/www.europesays.com\/fr\/wp-json\/wp\/v2\/posts"}],"about":[{"href":"https:\/\/www.europesays.com\/fr\/wp-json\/wp\/v2\/types\/post"}],"author":[{"embeddable":true,"href":"https:\/\/www.europesays.com\/fr\/wp-json\/wp\/v2\/users\/2"}],"replies":[{"embeddable":true,"href":"https:\/\/www.europesays.com\/fr\/wp-json\/wp\/v2\/comments?post=475905"}],"version-history":[{"count":0,"href":"https:\/\/www.europesays.com\/fr\/wp-json\/wp\/v2\/posts\/475905\/revisions"}],"wp:featuredmedia":[{"embeddable":true,"href":"https:\/\/www.europesays.com\/fr\/wp-json\/wp\/v2\/media\/475906"}],"wp:attachment":[{"href":"https:\/\/www.europesays.com\/fr\/wp-json\/wp\/v2\/media?parent=475905"}],"wp:term":[{"taxonomy":"category","embeddable":true,"href":"https:\/\/www.europesays.com\/fr\/wp-json\/wp\/v2\/categories?post=475905"},{"taxonomy":"post_tag","embeddable":true,"href":"https:\/\/www.europesays.com\/fr\/wp-json\/wp\/v2\/tags?post=475905"}],"curies":[{"name":"wp","href":"https:\/\/api.w.org\/{rel}","templated":true}]}}