{"id":475909,"date":"2025-10-20T00:43:14","date_gmt":"2025-10-20T00:43:14","guid":{"rendered":"https:\/\/www.europesays.com\/fr\/475909\/"},"modified":"2025-10-20T00:43:14","modified_gmt":"2025-10-20T00:43:14","slug":"previsions-du-lundi-20-octobre-2025-12","status":"publish","type":"post","link":"https:\/\/www.europesays.com\/fr\/475909\/","title":{"rendered":"pr\u00e9visions du lundi 20 octobre 2025"},"content":{"rendered":"<p class=\"mb-4 text-lg md:leading-8 break-words\"><strong>M\u00e9t\u00e9o &#8211; Les nuages seront pr\u00e9sents aujourd&rsquo;hui. Des pluies \u00e9parses vont tomber. Les temp\u00e9ratures seront de 14\u00b0C tout au long de la journ\u00e9e&#8230;<\/strong><\/p>\n<p class=\"mb-4 text-lg md:leading-8 break-words\">La m\u00e9t\u00e9o de Lyon va progressivement se voiler au cours de la journ\u00e9e du fait de l&rsquo;arriv\u00e9e de nuages. Les valeurs seront comprises entre 12 et 14\u00b0C. Une brise de sud-est soufflera doucement. Le matin, du mauvais temps est \u00e0 pr\u00e9voir. De la bruine va tomber. Les temp\u00e9ratures afficheront entre 13 et 14\u00b0C. L&rsquo;apr\u00e8s-midi aura lieu sous un ciel mitig\u00e9, marqu\u00e9 par de petites averses. Les valeurs seront de 12\u00b0C au plus bas et de 14\u00b0C au plus haut. La soir\u00e9e sera marqu\u00e9e par des pluies \u00e9parses. On anticipe des temp\u00e9ratures d&rsquo;environ 13\u00b0C. \u00c0 la nuit tomb\u00e9e, le ciel sera limpide.<\/p>\n<p class=\"mb-4 text-lg md:leading-8 break-words\">L&rsquo;air ambiant va se r\u00e9chauffer demain \u00e0 Lyon avec une hausse de quelques degr\u00e9s. Les valeurs s&rsquo;\u00e9chelonneront entre 11 et 16\u00b0C. Un vent de sud rafra\u00eechira un peu l&rsquo;atmosph\u00e8re. Le ciel va quelque peu se d\u00e9gager dans la matin\u00e9e avec des \u00e9claircies. Les maximales pourront atteindre 16\u00b0C tandis que les minimales seront de 11\u00b0C. Le ciel va peu \u00e0 peu s&rsquo;obscurcir au cours de l&rsquo;apr\u00e8s-midi avec l&rsquo;apparition de nuages. De la pluie tombera. Les temp\u00e9ratures seront comprises entre 12\u00b0C et 13\u00b0C. Demain soir, encore des nuages dans le ciel qui emp\u00eachent le soleil de faire son apparition.<\/p>\n<p class=\"mb-4 text-lg md:leading-8 break-words\">Le temps des jours suivants va se d\u00e9grader. Pr\u00e9voyez 15\u00b0C en moyenne qui accompagneront des journ\u00e9es pluvieuses.<\/p>\n<p class=\"mb-4 text-lg md:leading-8 break-words\"><a href=\"https:\/\/www.20minutes.fr\/planete\/previsions-meteo\/4180227-20251020-meteo-lyon-previsions-lundi-20-octobre-2025?at_medium=RSS%20feed&amp;at_campaign=ynews&amp;utm_source=yahoo&amp;utm_medium=rss&amp;utm_campaign=news_feed&amp;utm_content=read_more_link&quot;\" rel=\"nofollow noopener\" target=\"_blank\" data-ylk=\"slk:Lire la suite sur 20minutes;elm:context_link;itc:0;sec:content-canvas\" class=\"link \">Lire la suite sur 20minutes<\/a><\/p>\n","protected":false},"excerpt":{"rendered":"M\u00e9t\u00e9o &#8211; Les nuages seront pr\u00e9sents aujourd&rsquo;hui. Des pluies \u00e9parses vont tomber. Les temp\u00e9ratures seront de 14\u00b0C tout&hellip;\n","protected":false},"author":2,"featured_media":475910,"comment_status":"","ping_status":"","sticky":false,"template":"","format":"standard","meta":{"footnotes":""},"categories":[1889],"tags":[1111,11,2430,4512,1777,674,1011,27,2428,12,25],"class_list":{"0":"post-475909","1":"post","2":"type-post","3":"status-publish","4":"format-standard","5":"has-post-thumbnail","7":"category-lyon","8":"tag-actu","9":"tag-actualites","10":"tag-auvergne-rhone-alpes","11":"tag-ciel","12":"tag-eu","13":"tag-europe","14":"tag-fr","15":"tag-france","16":"tag-lyon","17":"tag-news","18":"tag-republique-francaise"},"share_on_mastodon":{"url":"https:\/\/pubeurope.com\/@fr\/115403725403148223","error":""},"_links":{"self":[{"href":"https:\/\/www.europesays.com\/fr\/wp-json\/wp\/v2\/posts\/475909","targetHints":{"allow":["GET"]}}],"collection":[{"href":"https:\/\/www.europesays.com\/fr\/wp-json\/wp\/v2\/posts"}],"about":[{"href":"https:\/\/www.europesays.com\/fr\/wp-json\/wp\/v2\/types\/post"}],"author":[{"embeddable":true,"href":"https:\/\/www.europesays.com\/fr\/wp-json\/wp\/v2\/users\/2"}],"replies":[{"embeddable":true,"href":"https:\/\/www.europesays.com\/fr\/wp-json\/wp\/v2\/comments?post=475909"}],"version-history":[{"count":0,"href":"https:\/\/www.europesays.com\/fr\/wp-json\/wp\/v2\/posts\/475909\/revisions"}],"wp:featuredmedia":[{"embeddable":true,"href":"https:\/\/www.europesays.com\/fr\/wp-json\/wp\/v2\/media\/475910"}],"wp:attachment":[{"href":"https:\/\/www.europesays.com\/fr\/wp-json\/wp\/v2\/media?parent=475909"}],"wp:term":[{"taxonomy":"category","embeddable":true,"href":"https:\/\/www.europesays.com\/fr\/wp-json\/wp\/v2\/categories?post=475909"},{"taxonomy":"post_tag","embeddable":true,"href":"https:\/\/www.europesays.com\/fr\/wp-json\/wp\/v2\/tags?post=475909"}],"curies":[{"name":"wp","href":"https:\/\/api.w.org\/{rel}","templated":true}]}}