{"id":475915,"date":"2025-10-20T00:50:21","date_gmt":"2025-10-20T00:50:21","guid":{"rendered":"https:\/\/www.europesays.com\/fr\/475915\/"},"modified":"2025-10-20T00:50:21","modified_gmt":"2025-10-20T00:50:21","slug":"compare-a-maurice-papon-par-lancien-maire-de-clichy-le-prefet-des-hauts-de-seine-compte-deposer-plainte","status":"publish","type":"post","link":"https:\/\/www.europesays.com\/fr\/475915\/","title":{"rendered":"Compar\u00e9 \u00e0 Maurice Papon par l\u2019ancien maire de Clichy, le pr\u00e9fet des Hauts-de-Seine compte d\u00e9poser plainte"},"content":{"rendered":"<p class=\"paragraph text_align_left lp-f-body-02\">Un rassemblement le vendredi 17 octobre sur le pont de Clichy non d\u00e9clar\u00e9 donc interdit, des forces de l\u2019ordre qui redirigent la trentaine de participants vers les berges. Et des messages rageurs post\u00e9s sur X (ex-Twitter) par l\u2019ancien maire de Clichy Gilles Catoire (PS) comparant l\u2019actuel pr\u00e9fet des Hauts-de-Seine \u00e0 Maurice Papon, lequel \u00e9tait justement pr\u00e9fet de police de Paris le 17 octobre 1961, jour du massacre d\u2019une centaine d\u2019Alg\u00e9riens dans la capitale.<\/p>\n<p class=\"paragraph text_align_left lp-f-body-02\">\u00ab Le pr\u00e9fet des Hauts-de-Seine a interdit le jet de fleurs sur le pont de Clichy en hommage aux victimes alg\u00e9riennes tu\u00e9es et jet\u00e9s dans la Seine le 17 octobre 1961 \u00bb, s\u2019indigne Gilles Catoire ce samedi, au milieu d\u2019une dizaine d\u2019autres messages de protestation. Dans cette m\u00eame r\u00e9ponse \u00e0 un tweet \u00e0 Marine Tondelier (Les \u00c9cologistes), l\u2019ex-\u00e9lu feint de s\u2019interroger : \u00ab Maurice Papon, secr\u00e9taire g\u00e9n\u00e9ral de la pr\u00e9fecture de Gironde (NDLR : entre 1942 et 1944), qui y a fait d\u00e9porter un millier de Juifs, a-t-il encore des \u00e9mules dans le corps pr\u00e9fectoral ? \u00bb<\/p>\n<p class=\"paragraph text_align_left lp-f-body-02\">La comparaison a imm\u00e9diatement fait r\u00e9agir <a href=\"https:\/\/www.leparisien.fr\/hauts-de-seine-92\/il-est-tres-offensif-alexandre-brugere-prefet-hyperactif-ou-ministre-de-linterieur-des-hauts-de-seine-17-03-2025-V4B5JO42OFBSNH6HEO66WAEYPM.php\" target=\"_blank\" rel=\"noreferrer noopener\">Alexandre Brug\u00e8re<\/a>, en poste \u00e0 la pr\u00e9fecture des Hauts-de-Seine depuis novembre 2024. \u00ab Je vais \u00e9videmment d\u00e9poser plainte contre ces propos ignominieux \u00bb, annonce le haut fonctionnaire, qui entend poursuivre Gilles Catoire pour injure.<\/p>\n<p>\u00ab L\u2019absence d\u2019organisateur (\u2026) a emp\u00each\u00e9 de pr\u00e9parer la s\u00e9curisation de la manifestation \u00bb<\/p>\n<p class=\"paragraph text_align_left lp-f-body-02\">Sur le fond, la pr\u00e9fecture pr\u00e9cise le contexte de l\u2019arr\u00eat\u00e9 d\u2019interdiction de rassemblement sur le pont de Clichy le 17 octobre \u00e0 18h30. En fin de semaine derni\u00e8re, les services de l\u2019\u00c9tat ont \u00e9t\u00e9 inform\u00e9s via le commissariat local d\u2019un appel \u00e0 se r\u00e9unir sur le pont \u00ab par un organisateur non identifi\u00e9 \u00bb. Il s\u2019agissait, selon nos informations, de tracts distribu\u00e9s sur la voie publique.<\/p>\n<p class=\"paragraph text_align_left lp-f-body-02\">Mais \u00ab aucune d\u00e9claration en pr\u00e9fecture, pourtant obligatoire au plus tard trois jours avant la manifestation, n\u2019a \u00e9t\u00e9 effectu\u00e9e \u00bb, indiquent les services de l\u2019\u00c9tat. Sur l\u2019ensemble du territoire, une demi-douzaine de rassemblements ont \u00e9t\u00e9 enregistr\u00e9s et valid\u00e9s pour ces m\u00eames comm\u00e9morations.<\/p>\n<p class=\"paragraph text_align_left lp-f-body-02\">Dans ces conditions, \u00ab au regard du danger auquel s\u2019exposaient ses participants du fait de la configuration du lieu et en accord avec la pr\u00e9fecture de police, l\u2019acc\u00e8s au pont a \u00e9t\u00e9 interdit \u00bb, poursuit la pr\u00e9fecture, soulignant que \u00ab l\u2019absence d\u2019organisateur connu et de d\u00e9claration a emp\u00each\u00e9 de pr\u00e9parer la s\u00e9curisation de la manifestation \u00bb.<\/p>\n<p class=\"paragraph text_align_left lp-f-body-02\">\u00ab Cela fait dix ans que le collectif citoyen dont je fais partie organise cette comm\u00e9moration et, de m\u00e9moire, nous n\u2019avons jamais eu \u00e0 la d\u00e9clarer \u00bb, regrette Manuel Allamelou. L\u2019ancien \u00e9lu socialiste de Clichy rapporte que des fleurs blanches ont pu \u00eatre jet\u00e9es dans le fleuve depuis les berges et que le rassemblement s\u2019est \u00ab tr\u00e8s bien pass\u00e9, comme toujours \u00bb.<\/p>\n<p class=\"paragraph text_align_left lp-f-body-02\">Les forces de l\u2019ordre ont en effet orient\u00e9 les participants en contrebas du pont, o\u00f9 se trouve justement une st\u00e8le en hommage aux victimes du 17 octobre 1961. \u00ab Aucune verbalisation n\u2019a \u00e9t\u00e9 op\u00e9r\u00e9e et le rassemblement a ainsi pu se d\u00e9rouler en toute s\u00e9curit\u00e9 \u00bb, pr\u00e9cise encore la pr\u00e9fecture, qui rappelle qu\u2019une c\u00e9r\u00e9monie officielle s\u2019est d\u00e9roul\u00e9e sur le pont de Bezons pour d\u00e9poser une gerbe au nom du Pr\u00e9sident de la R\u00e9publique.<\/p>\n<p>Gilles Catoire sous la menace d\u2019une exclusion du PS<\/p>\n<p class=\"paragraph text_align_left lp-f-body-02\">Sollicit\u00e9, le Parti socialiste des Hauts-de-Seine assure \u00ab se d\u00e9solidariser totalement des propos injurieux de l\u2019ancien maire de Clichy \u00bb. Et pr\u00e9cise que Gilles Catoire fait actuellement l\u2019objet d\u2019une proc\u00e9dure disciplinaire, en raison de pr\u00e9c\u00e9dents messages post\u00e9s sur X. \u00ab Cette proc\u00e9dure pouvant aller jusqu\u2019\u00e0 l\u2019exclusion est en cours d\u2019instruction depuis septembre pour cyberharc\u00e8lement contre Julie Martinez, porte-parole du PS \u00bb, pr\u00e9cise Brice Gaillard, patron de la f\u00e9d\u00e9ration socialiste des Hauts-de-Seine.<\/p>\n<p class=\"paragraph text_align_left lp-f-body-02\">Depuis la rentr\u00e9e, la jeune femme est en effet la cible quasi quotidienne de Gilles Catoire. Pressentie mais pas encore officiellement investie pour mener la liste PS pour les municipales de mars prochain \u00e0 Clichy, Julie Martinez \u00e9tait alors attaqu\u00e9e car salari\u00e9e de Palantir, g\u00e9ant am\u00e9ricain de la surveillance num\u00e9rique cofond\u00e9 par Peter Thier, milliardaire libertarien et trumpiste. Une entreprise qui ne correspond pas vraiment aux valeurs d\u00e9fendues par le parti \u00e0 la rose. L\u2019int\u00e9ress\u00e9e fait savoir ce dimanche qu\u2019elle n\u2019est \u00ab plus en poste chez Palantir depuis le 13 octobre \u00bb. <\/p>\n<p class=\"paragraph text_align_left lp-f-body-02\">Contact\u00e9, Gilles Catoire a r\u00e9pondu aux sollicitations du Parisien par un simple message reprenant l\u2019un de ses posts publi\u00e9 ce dimanche en fin de matin\u00e9e sur X : \u00ab Que serait-il arriv\u00e9 aux Alg\u00e9riens le 17 octobre si Maurice Papon avait dispos\u00e9 de la plateforme Palantir utilis\u00e9e aux USA pour mener des rafles ? \u00bb<\/p>\n","protected":false},"excerpt":{"rendered":"Un rassemblement le vendredi 17 octobre sur le pont de Clichy non d\u00e9clar\u00e9 donc interdit, des forces de&hellip;\n","protected":false},"author":2,"featured_media":475916,"comment_status":"","ping_status":"","sticky":false,"template":"","format":"standard","meta":{"footnotes":""},"categories":[1888],"tags":[11,1777,674,1011,27,3314,1944,12,626,25],"class_list":{"0":"post-475915","1":"post","2":"type-post","3":"status-publish","4":"format-standard","5":"has-post-thumbnail","7":"category-paris","8":"tag-actualites","9":"tag-eu","10":"tag-europe","11":"tag-fr","12":"tag-france","13":"tag-hauts-de-seine","14":"tag-ma-ville","15":"tag-news","16":"tag-paris","17":"tag-republique-francaise"},"share_on_mastodon":{"url":"https:\/\/pubeurope.com\/@fr\/115403753648653760","error":""},"_links":{"self":[{"href":"https:\/\/www.europesays.com\/fr\/wp-json\/wp\/v2\/posts\/475915","targetHints":{"allow":["GET"]}}],"collection":[{"href":"https:\/\/www.europesays.com\/fr\/wp-json\/wp\/v2\/posts"}],"about":[{"href":"https:\/\/www.europesays.com\/fr\/wp-json\/wp\/v2\/types\/post"}],"author":[{"embeddable":true,"href":"https:\/\/www.europesays.com\/fr\/wp-json\/wp\/v2\/users\/2"}],"replies":[{"embeddable":true,"href":"https:\/\/www.europesays.com\/fr\/wp-json\/wp\/v2\/comments?post=475915"}],"version-history":[{"count":0,"href":"https:\/\/www.europesays.com\/fr\/wp-json\/wp\/v2\/posts\/475915\/revisions"}],"wp:featuredmedia":[{"embeddable":true,"href":"https:\/\/www.europesays.com\/fr\/wp-json\/wp\/v2\/media\/475916"}],"wp:attachment":[{"href":"https:\/\/www.europesays.com\/fr\/wp-json\/wp\/v2\/media?parent=475915"}],"wp:term":[{"taxonomy":"category","embeddable":true,"href":"https:\/\/www.europesays.com\/fr\/wp-json\/wp\/v2\/categories?post=475915"},{"taxonomy":"post_tag","embeddable":true,"href":"https:\/\/www.europesays.com\/fr\/wp-json\/wp\/v2\/tags?post=475915"}],"curies":[{"name":"wp","href":"https:\/\/api.w.org\/{rel}","templated":true}]}}