{"id":475917,"date":"2025-10-20T00:51:19","date_gmt":"2025-10-20T00:51:19","guid":{"rendered":"https:\/\/www.europesays.com\/fr\/475917\/"},"modified":"2025-10-20T00:51:19","modified_gmt":"2025-10-20T00:51:19","slug":"les-precisions-de-la-procureure-de-paris-sur-lenquete-en-cours","status":"publish","type":"post","link":"https:\/\/www.europesays.com\/fr\/475917\/","title":{"rendered":"les pr\u00e9cisions de la procureure de Paris sur l\u2019enqu\u00eate en cours"},"content":{"rendered":"<p><img alt=\"Le mus\u00e9e du Louvre ferm\u00e9 au public apr\u00e8s un cambriolage matinal, \u00e0 Paris, le 19 octobre 2025.\" loading=\"lazy\" width=\"960\" height=\"640\" decoding=\"async\" data-nimg=\"1\" class=\"rounded-lg\" style=\"color:transparent\" src=\"https:\/\/www.europesays.com\/fr\/wp-content\/uploads\/2025\/10\/8195d5fb05ea3cacfba2ce64fa4d8714.jpeg\"\/><\/p>\n<p>CARINE SCHMITT \/ Hans Lucas via AFP Le mus\u00e9e du Louvre ferm\u00e9 au public apr\u00e8s un cambriolage matinal, \u00e0 Paris, le 19 octobre 2025.<\/p>\n<p class=\"mb-4 text-lg md:leading-8 break-words\">PARIS &#8211; Apr\u00e8s une folle journ\u00e9e \u00e0 Paris, o\u00f9 le mus\u00e9e du Louvre a \u00e9t\u00e9 cambriol\u00e9 <a data-i13n=\"cpos:1;pos:1\" href=\"https:\/\/fr.news.yahoo.com\/braquage-au-louvre-%C3%A0-l-091210452.html\" data-ylk=\"slk:ce dimanche 19 octobre dans la matin\u00e9e;cpos:1;pos:1;elm:context_link;itc:0;sec:content-canvas;outcm:mb_qualified_link;_E:mb_qualified_link;ct:story;\" class=\"link  yahoo-link\" rel=\"nofollow noopener\" target=\"_blank\">ce dimanche 19 octobre dans la matin\u00e9e<\/a>, la procureure de Paris Laure Beccuau a fait le point sur la situation en d\u00e9but de soir\u00e9e.<\/p>\n<p class=\"mb-4 text-lg md:leading-8 break-words\">Sur BFMTV, elle a annonc\u00e9 qu\u2019un \u00ab commando \u00bb de quatre personnes \u00e9tait recherch\u00e9 apr\u00e8s avoir perp\u00e9tr\u00e9 <a data-i13n=\"cpos:2;pos:1\" href=\"https:\/\/fr.news.yahoo.com\/braquage-au-mus%C3%A9e-louvre-liste-170832547.html\" data-ylk=\"slk:ce spectaculaire vol de bijoux historiques;cpos:2;pos:1;elm:context_link;itc:0;sec:content-canvas;outcm:mb_qualified_link;_E:mb_qualified_link;ct:story;\" class=\"link  yahoo-link\" rel=\"nofollow noopener\" target=\"_blank\">ce spectaculaire vol de bijoux historiques<\/a> et avoir fui sur des scooters.<\/p>\n<p class=\"mb-4 text-lg md:leading-8 break-words\">\u00ab Nous avons sur les lieux quatre malfaiteurs qui agissent, deux qui arrivent, l\u2019un au volant de cette nacelle, l\u2019autre en qualit\u00e9 de passager, et deux autres malfaiteurs qui pr\u00e9c\u00e8dent et suivent la nacelle au moment o\u00f9 elle s\u2019installe sous le balcon qui va permettre l\u2019acc\u00e8s direct \u00e0 la galerie \u00bb, a d\u00e9clar\u00e9 la magistrate.<\/p>\n<p class=\"mb-4 text-lg md:leading-8 break-words\"><a data-i13n=\"cpos:3;pos:1\" href=\"https:\/\/fr.news.yahoo.com\/braquage-au-mus%C3%A9e-louvre-tourne-150659248.html\" data-ylk=\"slk:Comment le cambriolage au mus\u00e9e du Louvre tourne \u00e0 l\u2019instrumentalisation politique;cpos:3;pos:1;elm:context_link;itc:0;sec:content-canvas;outcm:mb_qualified_link;_E:mb_qualified_link;ct:story;\" class=\"link  yahoo-link\" rel=\"nofollow noopener\" target=\"_blank\">Comment le cambriolage au mus\u00e9e du Louvre tourne \u00e0 l\u2019instrumentalisation politique <\/a><\/p>\n<p class=\"mb-4 text-lg md:leading-8 break-words\">Les alarmes \u00ab \u00e9taient en fonctionnement \u00bb, le poste central de s\u00e9curit\u00e9 \u00ab en a \u00e9t\u00e9 destinataire \u00bb, il \u00ab reste la question de savoir si les gardiens ont entendu ces alarmes \u00bb et de d\u00e9terminer si ces alarmes ont bien \u00ab sonn\u00e9 \u00bb dans la pi\u00e8ce objet du vol, a ajout\u00e9 la procureure.<\/p>\n<p class=\"mb-4 text-lg md:leading-8 break-words\">Ces quatre hommes avaient le visage \u00ab dissimul\u00e9 \u00bb et se sont enfuis \u00ab sur des scooters de haute puissance \u00bb, a ajout\u00e9 la magistrate, \u00e9voquant aussi la possible existence de \u00ab commanditaires \u00bb et de \u00ab petites mains \u00bb au sein de ce groupe criminel.<\/p>\n<p>L\u2019hypoth\u00e8se d\u2019une ing\u00e9rence \u00e9trang\u00e8re \u00ab pas privil\u00e9gi\u00e9e \u00bb<\/p>\n<p class=\"mb-4 text-lg md:leading-8 break-words\">La procureure a indiqu\u00e9 que les voleurs ont \u00ab menac\u00e9 les gardiens pr\u00e9sents sur les lieux (&#8230;) avec les disqueuses \u00bb qu\u2019ils ont utilis\u00e9es pour fracturer les vitrines contenant les bijoux.<\/p>\n<p class=\"mb-4 text-lg md:leading-8 break-words\">L\u2019hypoth\u00e8se d\u2019une ing\u00e9rence \u00e9trang\u00e8re n\u2019est \u00e0 ce stade \u00ab pas privil\u00e9gi\u00e9e \u00bb, \u00ab on est plut\u00f4t dans une hypoth\u00e8se de grand banditisme \u00bb, a dit en revanche Laure Beccuau.<\/p>\n<p class=\"mb-4 text-lg md:leading-8 break-words\">\u00ab La criminalit\u00e9 organis\u00e9e peut avoir deux objectifs, soit d\u2019avoir agi au b\u00e9n\u00e9fice d\u2019un commanditaire, soit d\u2019avoir \u00bb voulu obtenir \u00ab des pierres pr\u00e9cieuses pour pratiquer des op\u00e9rations de blanchiment \u00bb, a relev\u00e9 la magistrate.<\/p>\n<p class=\"mb-4 text-lg md:leading-8 break-words\">La procureure a aussi annonc\u00e9 que les investigations ont \u00ab re\u00e7u un t\u00e9moignage au cours de cette enqu\u00eate d\u2019un de nos concitoyens qui a signal\u00e9 \u00e0 la police judiciaire le fait que l\u2019un des malfaiteurs s\u2019est d\u00e9barrass\u00e9 du gilet jaune dont il \u00e9tait porteur \u00bb, et qui est \u00ab d\u00e9sormais entre les mains des enqu\u00eateurs \u00bb.<\/p>\n<p class=\"mb-4 text-lg md:leading-8 break-words\">La procureure a \u00e9voqu\u00e9 le fait qu\u2019une \u00ab soixantaine d\u2019enqu\u00eateurs \u00bb \u00e9taient mobilis\u00e9s et assur\u00e9 de la \u00ab d\u00e9termination totale \u00bb des autorit\u00e9s pour retrouver les voleurs. Elle \u00ab ne doute pas que (le mus\u00e9e) pourra rouvrir \u00bb dans \u00ab les prochains jours \u00bb, les constatations techniques semblant \u00ab d\u00e9sormais achev\u00e9es \u00bb.<\/p>\n<p class=\"mb-4 text-lg md:leading-8 break-words\">\u00ab Nous retrouverons les \u0153uvres et les auteurs seront traduits en justice \u00bb, a promis de son c\u00f4t\u00e9 sur X le pr\u00e9sident Emmanuel Macron. \u00ab Tout est mis en \u0153uvre, partout, pour y arriver \u00bb, a ajout\u00e9 le chef de l\u2019\u00c9tat, d\u00e9plorant un vol qui est \u00ab une atteinte \u00e0 un patrimoine que nous ch\u00e9rissons car il est notre Histoire \u00bb.<\/p>\n<p class=\"mb-4 text-lg md:leading-8 break-words\"><a data-i13n=\"cpos:4;pos:1\" href=\"https:\/\/fr.news.yahoo.com\/braquage-au-louvre-quels-bijoux-134722298.html\" data-ylk=\"slk:Braquage au mus\u00e9e du Louvre : quels sont les bijoux expos\u00e9s dans la galerie d\u2019Apollon ?;cpos:4;pos:1;elm:context_link;itc:0;sec:content-canvas;outcm:mb_qualified_link;_E:mb_qualified_link;ct:story;\" class=\"link  yahoo-link\" rel=\"nofollow noopener\" target=\"_blank\">Braquage au mus\u00e9e du Louvre : quels sont les bijoux expos\u00e9s dans la galerie d\u2019Apollon ? <\/a><\/p>\n<p class=\"mb-4 text-lg md:leading-8 break-words\"><a data-i13n=\"cpos:5;pos:1\" href=\"https:\/\/fr.style.yahoo.com\/premier-met-gala-fran%C3%A7ais-louvre-100156993.html\" data-ylk=\"slk:Pour son premier \u00ab Met Gala fran\u00e7ais \u00bb, le Louvre a fait le plein de stars internationales;cpos:5;pos:1;elm:context_link;itc:0;sec:content-canvas;outcm:mb_qualified_link;_E:mb_qualified_link;ct:story;\" class=\"link  yahoo-link\" rel=\"nofollow noopener\" target=\"_blank\">Pour son premier \u00ab Met Gala fran\u00e7ais \u00bb, le Louvre a fait le plein de stars internationales <\/a><\/p>\n","protected":false},"excerpt":{"rendered":"CARINE SCHMITT \/ Hans Lucas via AFP Le mus\u00e9e du Louvre ferm\u00e9 au public apr\u00e8s un cambriolage matinal,&hellip;\n","protected":false},"author":2,"featured_media":475918,"comment_status":"","ping_status":"","sticky":false,"template":"","format":"standard","meta":{"footnotes":""},"categories":[1888],"tags":[11,10831,1777,674,1011,27,33238,11274,3094,12,626,25],"class_list":{"0":"post-475917","1":"post","2":"type-post","3":"status-publish","4":"format-standard","5":"has-post-thumbnail","7":"category-paris","8":"tag-actualites","9":"tag-bfmtv","10":"tag-eu","11":"tag-europe","12":"tag-fr","13":"tag-france","14":"tag-laure-beccuau","15":"tag-louvre","16":"tag-musee-du-louvre","17":"tag-news","18":"tag-paris","19":"tag-republique-francaise"},"share_on_mastodon":{"url":"https:\/\/pubeurope.com\/@fr\/115403757942606181","error":""},"_links":{"self":[{"href":"https:\/\/www.europesays.com\/fr\/wp-json\/wp\/v2\/posts\/475917","targetHints":{"allow":["GET"]}}],"collection":[{"href":"https:\/\/www.europesays.com\/fr\/wp-json\/wp\/v2\/posts"}],"about":[{"href":"https:\/\/www.europesays.com\/fr\/wp-json\/wp\/v2\/types\/post"}],"author":[{"embeddable":true,"href":"https:\/\/www.europesays.com\/fr\/wp-json\/wp\/v2\/users\/2"}],"replies":[{"embeddable":true,"href":"https:\/\/www.europesays.com\/fr\/wp-json\/wp\/v2\/comments?post=475917"}],"version-history":[{"count":0,"href":"https:\/\/www.europesays.com\/fr\/wp-json\/wp\/v2\/posts\/475917\/revisions"}],"wp:featuredmedia":[{"embeddable":true,"href":"https:\/\/www.europesays.com\/fr\/wp-json\/wp\/v2\/media\/475918"}],"wp:attachment":[{"href":"https:\/\/www.europesays.com\/fr\/wp-json\/wp\/v2\/media?parent=475917"}],"wp:term":[{"taxonomy":"category","embeddable":true,"href":"https:\/\/www.europesays.com\/fr\/wp-json\/wp\/v2\/categories?post=475917"},{"taxonomy":"post_tag","embeddable":true,"href":"https:\/\/www.europesays.com\/fr\/wp-json\/wp\/v2\/tags?post=475917"}],"curies":[{"name":"wp","href":"https:\/\/api.w.org\/{rel}","templated":true}]}}