{"id":475919,"date":"2025-10-20T00:52:13","date_gmt":"2025-10-20T00:52:13","guid":{"rendered":"https:\/\/www.europesays.com\/fr\/475919\/"},"modified":"2025-10-20T00:52:13","modified_gmt":"2025-10-20T00:52:13","slug":"en-direct-guerre-en-ukraine-%e2%88%92-une-attaque-de-drone-fait-au-moins-deux-morts-dans-la-region-russe-de-belgorod","status":"publish","type":"post","link":"https:\/\/www.europesays.com\/fr\/475919\/","title":{"rendered":"En direct, guerre en Ukraine \u2212 Une attaque de drone fait au moins deux morts dans la r\u00e9gion russe de Belgorod"},"content":{"rendered":"<p>        01:57<\/p>\n<p>      Une attaque de drone fait deux morts dans la r\u00e9gion russe de Belgorod<\/p>\n<p>              <a tabindex=\"-1\" title=\"Le Temps avec l\u2019AFP\" href=\"https:\/\/www.letemps.ch\/profil\/le-temps-avec-l-afp\" target=\"_blank\" rel=\"noopener\"><\/p>\n<p>                    <img decoding=\"async\" src=\"https:\/\/www.europesays.com\/fr\/wp-content\/uploads\/2025\/04\/1744691829_537_small.jpeg\" class=\"lazy\" alt=\"\"\/><\/p>\n<p><\/a>        <\/p>\n<p>\u00abDeux civils ont \u00e9t\u00e9 tu\u00e9s dans le village de Yasnye Zori lorsqu&rsquo;un drone a largu\u00e9 des explosifs sur une entreprise agricole\u00bb, a rapport\u00e9 Viatcheslav Gladkov, le gouverneur de Belgorod, sur le r\u00e9seau social Telegram. Un autre civil a \u00e9t\u00e9 bless\u00e9, a-t-il ajout\u00e9.<\/p>\n","protected":false},"excerpt":{"rendered":"01:57 Une attaque de drone fait deux morts dans la r\u00e9gion russe de Belgorod \u00abDeux civils ont \u00e9t\u00e9&hellip;\n","protected":false},"author":2,"featured_media":475920,"comment_status":"","ping_status":"","sticky":false,"template":"","format":"standard","meta":{"footnotes":""},"categories":[1591],"tags":[11,1887,4438,12,1885,1886,132,220],"class_list":{"0":"post-475919","1":"post","2":"type-post","3":"status-publish","4":"format-standard","5":"has-post-thumbnail","7":"category-russie","8":"tag-actualites","9":"tag-federation-de-russie","10":"tag-free","11":"tag-news","12":"tag-russia","13":"tag-russian-federation","14":"tag-russie","15":"tag-ukraine"},"share_on_mastodon":{"url":"","error":""},"_links":{"self":[{"href":"https:\/\/www.europesays.com\/fr\/wp-json\/wp\/v2\/posts\/475919","targetHints":{"allow":["GET"]}}],"collection":[{"href":"https:\/\/www.europesays.com\/fr\/wp-json\/wp\/v2\/posts"}],"about":[{"href":"https:\/\/www.europesays.com\/fr\/wp-json\/wp\/v2\/types\/post"}],"author":[{"embeddable":true,"href":"https:\/\/www.europesays.com\/fr\/wp-json\/wp\/v2\/users\/2"}],"replies":[{"embeddable":true,"href":"https:\/\/www.europesays.com\/fr\/wp-json\/wp\/v2\/comments?post=475919"}],"version-history":[{"count":0,"href":"https:\/\/www.europesays.com\/fr\/wp-json\/wp\/v2\/posts\/475919\/revisions"}],"wp:featuredmedia":[{"embeddable":true,"href":"https:\/\/www.europesays.com\/fr\/wp-json\/wp\/v2\/media\/475920"}],"wp:attachment":[{"href":"https:\/\/www.europesays.com\/fr\/wp-json\/wp\/v2\/media?parent=475919"}],"wp:term":[{"taxonomy":"category","embeddable":true,"href":"https:\/\/www.europesays.com\/fr\/wp-json\/wp\/v2\/categories?post=475919"},{"taxonomy":"post_tag","embeddable":true,"href":"https:\/\/www.europesays.com\/fr\/wp-json\/wp\/v2\/tags?post=475919"}],"curies":[{"name":"wp","href":"https:\/\/api.w.org\/{rel}","templated":true}]}}