{"id":475929,"date":"2025-10-20T00:58:22","date_gmt":"2025-10-20T00:58:22","guid":{"rendered":"https:\/\/www.europesays.com\/fr\/475929\/"},"modified":"2025-10-20T00:58:22","modified_gmt":"2025-10-20T00:58:22","slug":"pourquoi-leurope-mobilise-pres-de-360-millions-deuros-pour-la-cote-divoire","status":"publish","type":"post","link":"https:\/\/www.europesays.com\/fr\/475929\/","title":{"rendered":"pourquoi l\u2019Europe mobilise pr\u00e8s de 360 millions d\u2019euros pour la C\u00f4te d\u2019Ivoire"},"content":{"rendered":"<p>Selon la Banque europ\u00e9enne d\u2019investissement (BEI), qui participe au financement fl\u00e9ch\u00e9 par l&rsquo;Union Erop\u00e9enne,\u00a0 le projet consiste en la construction d\u2019une ligne de 400 kilovolts sur environ 540 kilom\u00e8tres. Elle reliera Abidjan aux r\u00e9gions de l\u2019Est et du Nord, jusqu\u2019\u00e0 Ferkess\u00e9dougou, avec de nouveaux postes de transformation et un programme d\u2019\u00e9lectrification rurale le long du trac\u00e9.<\/p>\n<p>L\u2019objectif est de renforcer la fiabilit\u00e9 du r\u00e9seau \u00e9lectrique ivoirien et d\u2019int\u00e9grer davantage le pays au syst\u00e8me interconnect\u00e9 ouest-africain (WAPP), qui regroupe une quinzaine d\u2019\u00c9tats de la CEDEAO. Cette ligne doit aussi faciliter les \u00e9changes r\u00e9gionaux de courant \u00e9lectrique, et soutenir l\u2019insertion des \u00e9nergies renouvelables dans le mix national.<\/p>\n<p><strong>Le poids de la C\u00f4te d\u2019Ivoire dans la sous-r\u00e9gion<\/strong>&#13;\n<\/p>\n<p>La C\u00f4te d\u2019Ivoire est d\u00e9j\u00e0 un exportateur net d\u2019\u00e9lectricit\u00e9. Elle fournit du courant \u00e0 plusieurs voisins, dont le Ghana, le Burkina Faso et le Mali. La Dorsale Est augmentera la capacit\u00e9 de transmission haute tension du pays de pr\u00e8s de 38 %, la faisant passer de 2,5 \u00e0 3,5 GW. Elle contribuera aussi \u00e0 r\u00e9duire les pertes techniques dans le WAPP, et devrait s\u00e9curiser jusqu\u2019\u00e0 0,9 TWh d\u2019exportations annuelles.<\/p>\n<p>Le gouvernement ivoirien pr\u00e9sente ce projet comme une composante cl\u00e9 de son Pacte national \u00c9nergie 2025-2030, qui pr\u00e9voit 4,5 milliards d\u2019euros d\u2019investissements, dont 2,6 milliards pour les infrastructures de transport. Ce programme vise la couverture \u00e9lectrique universelle d\u2019ici fin 2025, et l\u2019int\u00e9gration d\u2019au moins 1 GW de capacit\u00e9s renouvelables suppl\u00e9mentaires \u00e0 l\u2019horizon 2030.<\/p>\n<p><strong>Pourquoi Bruxelles mise sur Abidjan<\/strong>&#13;\n<\/p>\n<p>Pour la Commission europ\u00e9enne, la C\u00f4te d\u2019Ivoire est un partenaire strat\u00e9gique. Le pays combine en effet une croissance soutenue de la demande, estim\u00e9e \u00e0 8% par an, et une capacit\u00e9 de production d\u00e9j\u00e0 sup\u00e9rieure \u00e0 celle de nombre de ses voisins. Bruxelles entend ainsi faire de la nation \u00e9burn\u00e9enne une vitrine de son initiative Global Gateway, lanc\u00e9e en 2021 pour rivaliser avec les financements chinois et renforcer la pr\u00e9sence europ\u00e9enne dans les infrastructures africaines.<\/p>\n<p>Selon le communiqu\u00e9 officiel de la Commission, l\u2019annonce de ce financement entre dans le cadre de la campagne internationale \u00ab Scaling Up Renewables in Africa \u00bb, men\u00e9e avec l\u2019appui du pr\u00e9sident sud-africain Cyril Ramaphosa et de l\u2019Agence internationale de l\u2019\u00e9nergie (AIE). Bruxelles pr\u00e9sente son soutien \u00e0 la C\u00f4te d\u2019Ivoire non seulement comme une r\u00e9ponse aux besoins \u00e9nerg\u00e9tiques r\u00e9gionaux, mais aussi comme un choix strat\u00e9gique et moral.<\/p>\n<p>D\u2019apr\u00e8s Ursula von der Leyen, il s\u2019agit d\u2019acc\u00e9l\u00e9rer l\u2019acc\u00e8s \u00e0 une \u00e9nergie propre pour des centaines de millions de personnes, tout en cr\u00e9ant des emplois verts et en renfor\u00e7ant la r\u00e9silience des cha\u00eenes d\u2019approvisionnement mondiales. L\u2019initiative fait \u00e9galement office de contribution europ\u00e9enne aux objectifs fix\u00e9s lors de la COP28, notamment le triplement des capacit\u00e9s renouvelables d\u2019ici 2030.<\/p>\n<p>Enfin, d\u2019apr\u00e8s la BEI, le projet est align\u00e9 sur les engagements climatiques ivoiriens inscrits dans les Contributions d\u00e9termin\u00e9es au niveau national (CDN). Il devrait contribuer \u00e0 r\u00e9duire les \u00e9missions de 30 % et \u00e0 porter la part des \u00e9nergies renouvelables \u00e0 45% d\u2019ici 2030. La banque rappelle par ailleurs que le projet devra respecter la l\u00e9gislation nationale en mati\u00e8re d\u2019environnement, et se conformer \u00e0 des standards sociaux et environnementaux.<\/p>\n<p><strong>Un test pour l\u2019Europe et pour Abidjan<\/strong><\/p>\n<p>Pour les autorit\u00e9s ivoiriennes, la r\u00e9ussite du projet de la Dorsale Est est essentielle pour absorber la hausse rapide de la demande domestique et maintenir la comp\u00e9titivit\u00e9 de l\u2019\u00e9conomie, en particulier dans l\u2019industrie et les mines. Pour l\u2019Union europ\u00e9enne, c\u2019est l\u2019occasion de d\u00e9montrer que sa promesse de partenariat \u00e9nerg\u00e9tique avec l\u2019Afrique se traduit par des r\u00e9sultats concrets et visibles.<\/p>\n<p>La question est d\u00e9sormais de savoir si la mise en \u0153uvre, qui s\u2019\u00e9talera sur plusieurs ann\u00e9es, sera \u00e0 la hauteur des ambitions affich\u00e9es.<\/p>\n","protected":false},"excerpt":{"rendered":"Selon la Banque europ\u00e9enne d\u2019investissement (BEI), qui participe au financement fl\u00e9ch\u00e9 par l&rsquo;Union Erop\u00e9enne,\u00a0 le projet consiste en&hellip;\n","protected":false},"author":2,"featured_media":475930,"comment_status":"","ping_status":"","sticky":false,"template":"","format":"standard","meta":{"footnotes":""},"categories":[1586],"tags":[17,30779,11,893,1777,674,1011,27,1808,59387,4657,9873,12,7555,3762,25],"class_list":{"0":"post-475929","1":"post","2":"type-post","3":"status-publish","4":"format-standard","5":"has-post-thumbnail","7":"category-europe","8":"tag-17","9":"tag-30779","10":"tag-actualites","11":"tag-energie","12":"tag-eu","13":"tag-europe","14":"tag-fr","15":"tag-france","16":"tag-leurope","17":"tag-la-tribune-afrique","18":"tag-millions","19":"tag-mobilise","20":"tag-news","21":"tag-pourquoi","22":"tag-pres","23":"tag-republique-francaise"},"share_on_mastodon":{"url":"https:\/\/pubeurope.com\/@fr\/115403785379656989","error":""},"_links":{"self":[{"href":"https:\/\/www.europesays.com\/fr\/wp-json\/wp\/v2\/posts\/475929","targetHints":{"allow":["GET"]}}],"collection":[{"href":"https:\/\/www.europesays.com\/fr\/wp-json\/wp\/v2\/posts"}],"about":[{"href":"https:\/\/www.europesays.com\/fr\/wp-json\/wp\/v2\/types\/post"}],"author":[{"embeddable":true,"href":"https:\/\/www.europesays.com\/fr\/wp-json\/wp\/v2\/users\/2"}],"replies":[{"embeddable":true,"href":"https:\/\/www.europesays.com\/fr\/wp-json\/wp\/v2\/comments?post=475929"}],"version-history":[{"count":0,"href":"https:\/\/www.europesays.com\/fr\/wp-json\/wp\/v2\/posts\/475929\/revisions"}],"wp:featuredmedia":[{"embeddable":true,"href":"https:\/\/www.europesays.com\/fr\/wp-json\/wp\/v2\/media\/475930"}],"wp:attachment":[{"href":"https:\/\/www.europesays.com\/fr\/wp-json\/wp\/v2\/media?parent=475929"}],"wp:term":[{"taxonomy":"category","embeddable":true,"href":"https:\/\/www.europesays.com\/fr\/wp-json\/wp\/v2\/categories?post=475929"},{"taxonomy":"post_tag","embeddable":true,"href":"https:\/\/www.europesays.com\/fr\/wp-json\/wp\/v2\/tags?post=475929"}],"curies":[{"name":"wp","href":"https:\/\/api.w.org\/{rel}","templated":true}]}}