{"id":475931,"date":"2025-10-20T00:59:14","date_gmt":"2025-10-20T00:59:14","guid":{"rendered":"https:\/\/www.europesays.com\/fr\/475931\/"},"modified":"2025-10-20T00:59:14","modified_gmt":"2025-10-20T00:59:14","slug":"forum-de-cooperation-economique-et-commerciale-vietnam-ue","status":"publish","type":"post","link":"https:\/\/www.europesays.com\/fr\/475931\/","title":{"rendered":"Forum de coop\u00e9ration \u00e9conomique et commerciale Vietnam \u2013 UE"},"content":{"rendered":"<p>&#13;<br \/>\n                        Forum de coop\u00e9ration \u00e9conomique et commerciale Vietnam \u2013 UE&#13;\n                    <\/p>\n<p style=\"text-align:\">L\u2019Accord de libre-\u00e9change Vietnam &#8211; Union europ\u00e9enne (EVFTA) a hiss\u00e9 la coop\u00e9ration \u00e9conomique et commerciale entre le Vietnam et l\u2019Union europ\u00e9enne (UE) \u00e0 un nouveau palier. Le potentiel de d\u00e9veloppement demeure toujours consid\u00e9rable et n\u00e9cessite le soutien des autorit\u00e9s de r\u00e9gulation ainsi que de la communaut\u00e9 des entreprises des deux parties.<\/p>\n<p><a href=\"https:\/\/lecourrier.vn\/cinq-ans-devfta-une-croissance-remarquable-du-commerce-entre-le-vietnam-et-lue\/1288101.html\" title=\"Cinq ans d\u2019EVFTA : une croissance remarquable du commerce entre le Vietnam et l\u2019UE\" target=\"_blank\" rel=\"noopener\">&gt;&gt; Cinq ans d\u2019EVFTA : une croissance remarquable du commerce entre le Vietnam et l\u2019UE<\/a><\/p>\n<p><a href=\"https:\/\/lecourrier.vn\/le-vietnam-renforce-ses-liens-avec-la-belgique-le-luxembourg-et-lue\/1291585.html\" title=\"Le Vietnam renforce ses liens avec la Belgique, le Luxembourg et l&#039;UE\" target=\"_blank\" rel=\"noopener\">&gt;&gt; Le Vietnam renforce ses liens avec la Belgique, le Luxembourg et l&rsquo;UE<\/a><\/p>\n<p><a href=\"https:\/\/lecourrier.vn\/vers-une-cooperation-renforcee-entre-le-vietnam-la-belgique-et-lue\/1292770.html\" title=\"Vers une coop\u00e9ration renforc\u00e9e entre le Vietnam, la Belgique et l\u2019UE\" target=\"_blank\" rel=\"noopener\">&gt;&gt; Vers une coop\u00e9ration renforc\u00e9e entre le Vietnam, la Belgique et l\u2019UE<\/a><\/p>\n<tr>\n<td class=\"pic\"><img decoding=\"async\" class=\"lazyload\" src=\"https:\/\/www.europesays.com\/fr\/wp-content\/uploads\/2025\/10\/211323-vna_potal_tong_bi_thu_to_lam_tham_hoi_dong_vien_nhan_dan_tinh_thai_nguyen_bi_thiet_hai_do_mua.jpeg\" alt=\"\"\/><\/td>\n<\/tr>\n<tr>\n<td class=\"caption\">D\u00e9l\u00e9gu\u00e9s \u00e0 l&rsquo;\u00e9v\u00e9nement, le 17 octobre \u00e0 H\u00f4 Chi Minh-Ville.\u00a0<\/td>\n<\/tr>\n<tr align=\"right\">\n<td class=\"author\">Photo : VNA\/CVN<\/td>\n<\/tr>\n<p style=\"text-align:left\">Il s\u2019agit du message cl\u00e9 partag\u00e9 par les intervenants au Forum de coop\u00e9ration \u00e9conomique et commerciale Vietnam \u2013 UE 2025, organis\u00e9 le 17 octobre \u00e0 H\u00f4 Chi Minh-Ville par le minist\u00e8re de l\u2019Industrie et du Commerce, en collaboration avec les ambassades des \u00c9tats membres de l\u2019UE et la Chambre de Commerce de l\u2019UE au Vietnam (EuroCham).<\/p>\n<p style=\"text-align:left\">La vice-ministre de l\u2019Industrie et du Commerce, Phan Thi Thang, a affirm\u00e9 que l\u2019EVFTA ne se contentait pas de stimuler les \u00e9changes commerciaux et de diversifier les march\u00e9s, mais constituait \u00e9galement un levier important pour la transformation structurelle de l\u2019\u00e9conomie, la r\u00e9forme institutionnelle et l\u2019am\u00e9lioration du climat des affaires et de l\u2019investissement.<\/p>\n<tr>\n<td class=\"pic\"><img decoding=\"async\" class=\"lazyload\" src=\"https:\/\/www.europesays.com\/fr\/wp-content\/uploads\/2025\/10\/211407-vna_potal_tong_bi_thu_to_lam_tham_hoi_dong_vien_nhan_dan_tinh_thai_nguyen_bi_thiet_hai_do_mua.jpeg\" alt=\"\"\/><\/td>\n<\/tr>\n<tr>\n<td class=\"caption\">La vice-ministre de l\u2019Industrie et du Commerce, Phan Thi Thang, s&rsquo;exprime lors de l&rsquo;\u00e9v\u00e9nement.\u00a0<\/td>\n<\/tr>\n<tr align=\"right\">\n<td class=\"author\">Photo : VN\/CVN<\/td>\n<\/tr>\n<p style=\"text-align:left\">Jean-Jacques Bouflet, vice-pr\u00e9sident d\u2019EuroCham, a indiqu\u00e9 que dans un contexte de fortes turbulences du commerce mondial, l\u2019Union europ\u00e9enne consid\u00e9rait le Vietnam comme un partenaire cl\u00e9, apportant des avantages majeurs en mati\u00e8re de diversification commerciale, d\u2019investissements dynamiques et de cha\u00eenes d\u2019approvisionnement plus flexibles.<\/p>\n<p style=\"text-align:left\">Selon une enqu\u00eate d\u2019EuroCham, 76% des dirigeants d\u2019entreprises europ\u00e9ennes consid\u00e8rent actuellement le Vietnam comme une destination d\u2019investissement attrayante, et l\u2019indice de confiance des entreprises a atteint son niveau le plus \u00e9lev\u00e9 depuis trois ans.<\/p>\n<p style=\"text-align:right\"><b>VNA\/CVN<\/b><\/p>\n","protected":false},"excerpt":{"rendered":"&#13; Forum de coop\u00e9ration \u00e9conomique et commerciale Vietnam \u2013 UE&#13; L\u2019Accord de libre-\u00e9change Vietnam &#8211; Union europ\u00e9enne (EVFTA)&hellip;\n","protected":false},"author":2,"featured_media":475932,"comment_status":"","ping_status":"","sticky":false,"template":"","format":"standard","meta":{"footnotes":""},"categories":[1586],"tags":[11,10464,1777,674,1779,5556,1011,27,12,25,1778,364,951],"class_list":{"0":"post-475931","1":"post","2":"type-post","3":"status-publish","4":"format-standard","5":"has-post-thumbnail","7":"category-europe","8":"tag-actualites","9":"tag-cooperation-economique","10":"tag-eu","11":"tag-europe","12":"tag-european-union","13":"tag-forum","14":"tag-fr","15":"tag-france","16":"tag-news","17":"tag-republique-francaise","18":"tag-ue","19":"tag-union-europeenne","20":"tag-vietnam"},"share_on_mastodon":{"url":"https:\/\/pubeurope.com\/@fr\/115403788869445468","error":""},"_links":{"self":[{"href":"https:\/\/www.europesays.com\/fr\/wp-json\/wp\/v2\/posts\/475931","targetHints":{"allow":["GET"]}}],"collection":[{"href":"https:\/\/www.europesays.com\/fr\/wp-json\/wp\/v2\/posts"}],"about":[{"href":"https:\/\/www.europesays.com\/fr\/wp-json\/wp\/v2\/types\/post"}],"author":[{"embeddable":true,"href":"https:\/\/www.europesays.com\/fr\/wp-json\/wp\/v2\/users\/2"}],"replies":[{"embeddable":true,"href":"https:\/\/www.europesays.com\/fr\/wp-json\/wp\/v2\/comments?post=475931"}],"version-history":[{"count":0,"href":"https:\/\/www.europesays.com\/fr\/wp-json\/wp\/v2\/posts\/475931\/revisions"}],"wp:featuredmedia":[{"embeddable":true,"href":"https:\/\/www.europesays.com\/fr\/wp-json\/wp\/v2\/media\/475932"}],"wp:attachment":[{"href":"https:\/\/www.europesays.com\/fr\/wp-json\/wp\/v2\/media?parent=475931"}],"wp:term":[{"taxonomy":"category","embeddable":true,"href":"https:\/\/www.europesays.com\/fr\/wp-json\/wp\/v2\/categories?post=475931"},{"taxonomy":"post_tag","embeddable":true,"href":"https:\/\/www.europesays.com\/fr\/wp-json\/wp\/v2\/tags?post=475931"}],"curies":[{"name":"wp","href":"https:\/\/api.w.org\/{rel}","templated":true}]}}