{"id":475935,"date":"2025-10-20T01:02:17","date_gmt":"2025-10-20T01:02:17","guid":{"rendered":"https:\/\/www.europesays.com\/fr\/475935\/"},"modified":"2025-10-20T01:02:17","modified_gmt":"2025-10-20T01:02:17","slug":"le-projet-de-loi-de-finances-de-retour-a-lassemblee-promet-une-belle-empoignade","status":"publish","type":"post","link":"https:\/\/www.europesays.com\/fr\/475935\/","title":{"rendered":"le projet de loi de finances, de retour \u00e0 l&rsquo;Assembl\u00e9e, promet une belle empoignade"},"content":{"rendered":"<p class=\"mb-4 text-lg md:leading-8 break-words\">Ce lundi 20 octobre, le projet de loi de finances arrive devant les d\u00e9put\u00e9s. Le texte qui, pour l&rsquo;instant, ne satisfait pas grand monde est donc amen\u00e9 \u00e0 \u00e9voluer. La bataille politique va faire rage.<\/p>\n<p class=\"mb-4 text-lg md:leading-8 break-words\">Apr\u00e8s une semaine durant laquelle le Premier ministre S\u00e9bastien Lecornu a sauv\u00e9 sa t\u00eate et celle de son gouvernement, au prix d&rsquo;une suspension de la r\u00e9forme des retraites, celle qui s&rsquo;ouvre s&rsquo;annonce \u00e9galement mouvement\u00e9e avec l&rsquo;examen \u00e0 l&rsquo;Assembl\u00e9e du projet de loi de finances.<\/p>\n<p class=\"mb-4 text-lg md:leading-8 break-words\">Quelque 1\u00a0744 amendements ont \u00e9t\u00e9 d\u00e9pos\u00e9s contre le texte. C&rsquo;est un peu moins que lors du budget pr\u00e9c\u00e9dent, mais cette fois, le gouvernement ne pourra pas passer en force avec l&rsquo;article 49.3 pour revenir au texte initial. Les amendements adopt\u00e9s seront donc mis en application. De quoi r\u00e9server des bras de fer \u00e9piques dans l&rsquo;h\u00e9micycle.<\/p>\n<p class=\"mb-4 text-lg md:leading-8 break-words\">La gauche souhaite ainsi revenir sur un grand nombre de dispositions, jugeant \u00ab\u00a0la copie actuelle lamentable\u00a0\u00bb, selon le patron des d\u00e9put\u00e9s socialistes, Boris Vallaud. Dans leur ligne de mire, par exemple, on retrouve la suspension des exemptions d&rsquo;imp\u00f4ts sur les indemnit\u00e9s de personnes en longue maladie.<\/p>\n<p class=\"mb-4 text-lg md:leading-8 break-words\">\u00c0\u00a0droite, o\u00f9 les R\u00e9publicains ont multipli\u00e9 les amendements, on compte bien revenir sur l&rsquo;alourdissement de la fiscalit\u00e9 des retrait\u00e9s. Et m\u00eame dans le camp pro-gouvernement, certaines mesures sont vis\u00e9es, comme la taxe sur les holdings des grandes fortunes.<\/p>\n<p class=\"mb-4 text-lg md:leading-8 break-words\">Mais le gouvernement devra aussi faire face aux ajouts venus de part et d&rsquo;autre\u00a0: le Rassemblement national vise la suppression de l&rsquo;<strong><a href=\"https:\/\/fr.news.yahoo.com\/france-long-m%C3%A9decins-monde-alerte-090858490.html\" data-ylk=\"slk:Aide m\u00e9dicale d&#039;\u00c9tat;elm:context_link;itc:0;sec:content-canvas;outcm:mb_qualified_link;_E:mb_qualified_link;ct:story;\" class=\"link  yahoo-link\" target=\"_blank\" rel=\"noopener\">Aide m\u00e9dicale d&rsquo;\u00c9tat<\/a><\/strong> pour les \u00e9trangers, la gauche esp\u00e8re imposer la <strong><a href=\"https:\/\/www.rfi.fr\/fr\/podcasts\/d\u00e9bat-du-jour\/20250925-taxe-zucman-illusion-ou-solution\" rel=\"nofollow noopener\" target=\"_blank\" data-ylk=\"slk:taxe Zucman;elm:context_link;itc:0;sec:content-canvas\" class=\"link \">taxe Zucman<\/a><\/strong> sur les revenus des milliardaires&#8230;<\/p>\n<p class=\"mb-4 text-lg md:leading-8 break-words\">Bref, comme le r\u00e9sume le premier secr\u00e9taire du Parti socialiste, Olivier Faure, \u00ab la bataille ne fait que commencer\u00a0\u00bb. Premi\u00e8re \u00e9tape\u00a0: le passage devant la Commission des finances. Un test sur la sinc\u00e9rit\u00e9 du gouvernement \u00e0 vouloir n\u00e9gocier, estiment certains d\u00e9put\u00e9s.<\/p>\n<p class=\"mb-4 text-lg md:leading-8 break-words\">\u00c0 lire aussi<a href=\"https:\/\/fr.news.yahoo.com\/donner-budget-%C3%A0-france-dici-030707180.html\" class=\"link  yahoo-link\" data-ylk=\"slk:Donner un budget \u00e0 la France d&#039;ici \u00e0 la fin de 2025, la priorit\u00e9 du gouvernement Lecornu II;elm:context_link;itc:0;sec:content-canvas;outcm:mb_qualified_link;_E:mb_qualified_link;ct:story;\" target=\"_blank\" rel=\"noopener\">Donner un budget \u00e0 la France d&rsquo;ici \u00e0 la fin de 2025, la priorit\u00e9 du gouvernement Lecornu II<\/a><\/p>\n","protected":false},"excerpt":{"rendered":"Ce lundi 20 octobre, le projet de loi de finances arrive devant les d\u00e9put\u00e9s. Le texte qui, pour&hellip;\n","protected":false},"author":2,"featured_media":475936,"comment_status":"","ping_status":"","sticky":false,"template":"","format":"standard","meta":{"footnotes":""},"categories":[4],"tags":[11,11253,1011,27,59950,12,39491,11036,25],"class_list":{"0":"post-475935","1":"post","2":"type-post","3":"status-publish","4":"format-standard","5":"has-post-thumbnail","7":"category-france","8":"tag-actualites","9":"tag-commission-des-finances","10":"tag-fr","11":"tag-france","12":"tag-le-camp","13":"tag-news","14":"tag-projet-de-loi-de-finances","15":"tag-reforme-des-retraites","16":"tag-republique-francaise"},"share_on_mastodon":{"url":"https:\/\/pubeurope.com\/@fr\/115403800162171705","error":""},"_links":{"self":[{"href":"https:\/\/www.europesays.com\/fr\/wp-json\/wp\/v2\/posts\/475935","targetHints":{"allow":["GET"]}}],"collection":[{"href":"https:\/\/www.europesays.com\/fr\/wp-json\/wp\/v2\/posts"}],"about":[{"href":"https:\/\/www.europesays.com\/fr\/wp-json\/wp\/v2\/types\/post"}],"author":[{"embeddable":true,"href":"https:\/\/www.europesays.com\/fr\/wp-json\/wp\/v2\/users\/2"}],"replies":[{"embeddable":true,"href":"https:\/\/www.europesays.com\/fr\/wp-json\/wp\/v2\/comments?post=475935"}],"version-history":[{"count":0,"href":"https:\/\/www.europesays.com\/fr\/wp-json\/wp\/v2\/posts\/475935\/revisions"}],"wp:featuredmedia":[{"embeddable":true,"href":"https:\/\/www.europesays.com\/fr\/wp-json\/wp\/v2\/media\/475936"}],"wp:attachment":[{"href":"https:\/\/www.europesays.com\/fr\/wp-json\/wp\/v2\/media?parent=475935"}],"wp:term":[{"taxonomy":"category","embeddable":true,"href":"https:\/\/www.europesays.com\/fr\/wp-json\/wp\/v2\/categories?post=475935"},{"taxonomy":"post_tag","embeddable":true,"href":"https:\/\/www.europesays.com\/fr\/wp-json\/wp\/v2\/tags?post=475935"}],"curies":[{"name":"wp","href":"https:\/\/api.w.org\/{rel}","templated":true}]}}