{"id":475939,"date":"2025-10-20T01:07:15","date_gmt":"2025-10-20T01:07:15","guid":{"rendered":"https:\/\/www.europesays.com\/fr\/475939\/"},"modified":"2025-10-20T01:07:15","modified_gmt":"2025-10-20T01:07:15","slug":"stan-wawrinka-repousse-lidee-de-la-retraite","status":"publish","type":"post","link":"https:\/\/www.europesays.com\/fr\/475939\/","title":{"rendered":"Stan Wawrinka repousse l\u2019id\u00e9e de la retraite"},"content":{"rendered":"<p>                <img decoding=\"async\" src=\"https:\/\/www.europesays.com\/fr\/wp-content\/uploads\/2025\/10\/wZc2.jpg\" fetchpriority=\"high\" alt=\"\u00ab Tant que la motivation est l\u00e0, je veux pousser encore un peu \u00bb : Stan Wawrinka repousse l\u2019id\u00e9e de la retraite\"\/><\/p>\n<p>Dix-huit participations \u00e0 B\u00e2le et quadrag\u00e9naire, mais toujours la m\u00eame envie : celle de se battre. En conf\u00e9rence de presse, Stan Wawrinka a tenu \u00e0 rassurer ses fans \u2014 la retraite, ce n\u2019est pas encore pour tout de suite.<\/p>\n<p>\u00c0 40 ans, Stan Wawrinka disputera la semaine prochaine l\u2019ATP 500 de B\u00e2le pour la 18e fois de sa carri\u00e8re. Le v\u00e9t\u00e9ran suisse a h\u00e9rit\u00e9 de Miomir Kecmanovic au premier tour.<\/p>\n<p><strong>De passage en conf\u00e9rence de presse ce dimanche, il a pour l\u2019instant repouss\u00e9 l\u2019id\u00e9e d\u2019une retraite :<\/strong><\/p>\n<p>\u00ab J\u2019essaye de profiter au maximum de tous ces moments pass\u00e9s sur le circuit. Tous les sportifs ont une date limite. Mais je suis heureux de pouvoir jouer ici, de pouvoir jouer \u00e0 Ath\u00e8nes (2-8 novembre).<\/p>\n<p>Et j\u2019esp\u00e8re aussi pouvoir jouer l\u2019an prochain. Arr\u00eater sa carri\u00e8re, c\u2019est quelque chose de tr\u00e8s personnel, chacun doit le faire comme il le sent. Le jour o\u00f9 j\u2019arr\u00eaterai, vous le saurez (sourire). \u00bb<\/p>\n<p>Finaliste \u00e0 deux reprises en Challenger cette ann\u00e9e (Aix-en-Provence et Rennes), le Vaudois croit en ses chances de pouvoir remporter un dernier tournoi :<\/p>\n<p>\u00ab J\u2019essaye de conserver le meilleur niveau possible, afin de pouvoir aller le plus loin possible dans les tournois. Mais les chances sont \u00e9videmment plus grandes sur le circuit Challenger que dans un tournoi ATP.<\/p>\n<p>On a toujours des objectifs personnels. Pour moi, c\u2019est d\u2019aller chercher mon potentiel maximum. Je veux avant tout repousser les limites, et voir les r\u00e9sultats qui suivront ou qui ne suivront pas. Tant que la motivation est l\u00e0, je veux pousser encore un peu. \u00bb<\/p>\n","protected":false},"excerpt":{"rendered":"Dix-huit participations \u00e0 B\u00e2le et quadrag\u00e9naire, mais toujours la m\u00eame envie : celle de se battre. En conf\u00e9rence&hellip;\n","protected":false},"author":2,"featured_media":475940,"comment_status":"","ping_status":"","sticky":false,"template":"","format":"standard","meta":{"footnotes":""},"categories":[1415],"tags":[1011,27,60,1467],"class_list":{"0":"post-475939","1":"post","2":"type-post","3":"status-publish","4":"format-standard","5":"has-post-thumbnail","7":"category-tennis","8":"tag-fr","9":"tag-france","10":"tag-sports","11":"tag-tennis"},"share_on_mastodon":{"url":"https:\/\/pubeurope.com\/@fr\/115403820434707108","error":""},"_links":{"self":[{"href":"https:\/\/www.europesays.com\/fr\/wp-json\/wp\/v2\/posts\/475939","targetHints":{"allow":["GET"]}}],"collection":[{"href":"https:\/\/www.europesays.com\/fr\/wp-json\/wp\/v2\/posts"}],"about":[{"href":"https:\/\/www.europesays.com\/fr\/wp-json\/wp\/v2\/types\/post"}],"author":[{"embeddable":true,"href":"https:\/\/www.europesays.com\/fr\/wp-json\/wp\/v2\/users\/2"}],"replies":[{"embeddable":true,"href":"https:\/\/www.europesays.com\/fr\/wp-json\/wp\/v2\/comments?post=475939"}],"version-history":[{"count":0,"href":"https:\/\/www.europesays.com\/fr\/wp-json\/wp\/v2\/posts\/475939\/revisions"}],"wp:featuredmedia":[{"embeddable":true,"href":"https:\/\/www.europesays.com\/fr\/wp-json\/wp\/v2\/media\/475940"}],"wp:attachment":[{"href":"https:\/\/www.europesays.com\/fr\/wp-json\/wp\/v2\/media?parent=475939"}],"wp:term":[{"taxonomy":"category","embeddable":true,"href":"https:\/\/www.europesays.com\/fr\/wp-json\/wp\/v2\/categories?post=475939"},{"taxonomy":"post_tag","embeddable":true,"href":"https:\/\/www.europesays.com\/fr\/wp-json\/wp\/v2\/tags?post=475939"}],"curies":[{"name":"wp","href":"https:\/\/api.w.org\/{rel}","templated":true}]}}