{"id":475941,"date":"2025-10-20T01:09:12","date_gmt":"2025-10-20T01:09:12","guid":{"rendered":"https:\/\/www.europesays.com\/fr\/475941\/"},"modified":"2025-10-20T01:09:12","modified_gmt":"2025-10-20T01:09:12","slug":"grand-prix-daustralie-de-motogp-2025-resume-et-resultats","status":"publish","type":"post","link":"https:\/\/www.europesays.com\/fr\/475941\/","title":{"rendered":"Grand Prix d&rsquo;Australie de MotoGP 2025 : r\u00e9sum\u00e9 et r\u00e9sultats"},"content":{"rendered":"<p>Phillip Island n\u2019a une fois encore pas failli \u00e0 sa r\u00e9putation. Vents violents, usure acc\u00e9l\u00e9r\u00e9e des pneus et strat\u00e9gies \u00e0 rebondissements ont marqu\u00e9 ce Grand Prix d\u2019Australie, o\u00f9 les Espagnols \u00c1lex M\u00e1rquez et Pedro Acosta ont sign\u00e9 deux places dans le top 5.<\/p>\n<p>Pedro Acosta, de son c\u00f4t\u00e9, continue d\u2019impressionner pour sa premi\u00e8re saison parmi l\u2019\u00e9lite. Troisi\u00e8me du Sprint samedi, le pilote Red\u00a0Bull KTM Factory s\u2019est \u00e9lanc\u00e9 depuis la deuxi\u00e8me ligne avec l\u2019ambition d\u2019un nouveau podium. Rapide et incisif en d\u00e9but de course, il a longtemps tenu le rythme des leaders avant de subir une forte usure de son pneu arri\u00e8re. Contraint de lever le pied, il termine cinqui\u00e8me.<\/p>\n<p>Top 10 du Championnat du monde de MotoGP 2025 apr\u00e8s le Grand Prix d&rsquo;Italie<\/p>\n","protected":false},"excerpt":{"rendered":"Phillip Island n\u2019a une fois encore pas failli \u00e0 sa r\u00e9putation. Vents violents, usure acc\u00e9l\u00e9r\u00e9e des pneus et&hellip;\n","protected":false},"author":2,"featured_media":475942,"comment_status":"","ping_status":"","sticky":false,"template":"","format":"standard","meta":{"footnotes":""},"categories":[1413],"tags":[1011,27,1457,1456,60],"class_list":{"0":"post-475941","1":"post","2":"type-post","3":"status-publish","4":"format-standard","5":"has-post-thumbnail","7":"category-moto","8":"tag-fr","9":"tag-france","10":"tag-moto","11":"tag-motocycle","12":"tag-sports"},"share_on_mastodon":{"url":"","error":""},"_links":{"self":[{"href":"https:\/\/www.europesays.com\/fr\/wp-json\/wp\/v2\/posts\/475941","targetHints":{"allow":["GET"]}}],"collection":[{"href":"https:\/\/www.europesays.com\/fr\/wp-json\/wp\/v2\/posts"}],"about":[{"href":"https:\/\/www.europesays.com\/fr\/wp-json\/wp\/v2\/types\/post"}],"author":[{"embeddable":true,"href":"https:\/\/www.europesays.com\/fr\/wp-json\/wp\/v2\/users\/2"}],"replies":[{"embeddable":true,"href":"https:\/\/www.europesays.com\/fr\/wp-json\/wp\/v2\/comments?post=475941"}],"version-history":[{"count":0,"href":"https:\/\/www.europesays.com\/fr\/wp-json\/wp\/v2\/posts\/475941\/revisions"}],"wp:featuredmedia":[{"embeddable":true,"href":"https:\/\/www.europesays.com\/fr\/wp-json\/wp\/v2\/media\/475942"}],"wp:attachment":[{"href":"https:\/\/www.europesays.com\/fr\/wp-json\/wp\/v2\/media?parent=475941"}],"wp:term":[{"taxonomy":"category","embeddable":true,"href":"https:\/\/www.europesays.com\/fr\/wp-json\/wp\/v2\/categories?post=475941"},{"taxonomy":"post_tag","embeddable":true,"href":"https:\/\/www.europesays.com\/fr\/wp-json\/wp\/v2\/tags?post=475941"}],"curies":[{"name":"wp","href":"https:\/\/api.w.org\/{rel}","templated":true}]}}