{"id":475943,"date":"2025-10-20T01:10:19","date_gmt":"2025-10-20T01:10:19","guid":{"rendered":"https:\/\/www.europesays.com\/fr\/475943\/"},"modified":"2025-10-20T01:10:19","modified_gmt":"2025-10-20T01:10:19","slug":"grand-prix-des-etats-unis-2025-de-formule-1-resume-de-la-course-lequipe","status":"publish","type":"post","link":"https:\/\/www.europesays.com\/fr\/475943\/","title":{"rendered":"Grand Prix des Etats-Unis 2025 de formule 1, r\u00e9sum\u00e9 de la course &#8211; L&#039;\u00c9quipe"},"content":{"rendered":"<ol>\n<li><a href=\"https:\/\/news.google.com\/rss\/articles\/CBMingFBVV95cUxNNktnMHlpY2pPdmRHaU5vYmpTUW5HWjlQSTlOTVNSdW52eVZyZ2tScURFaGxMMHdUOElPbzVYRU9wbTZTbXVnRVhYeldwUHp5R2hSczE2d3c5SVNoc2VNZmk1RnRqOUowZk1ibjF4T2c0NC15bHJZX3NyZDhaSWRZdE5uZk9vQXI4S1hrVkU0ZXFXaHBhS3ZoTGdFY3AyUQ?oc=5\" target=\"_blank\" rel=\"nofollow noopener\">Grand Prix des Etats-Unis 2025 de formule 1, r\u00e9sum\u00e9 de la course<\/a>&nbsp;&nbsp;L&rsquo;\u00c9quipe<\/li>\n<li><a href=\"https:\/\/news.google.com\/rss\/articles\/CBMi-wFBVV95cUxONTZJN1BXOEJ2X2tjNXBDdHdEYXFkMzhKV0pQd3lvVkpFRk1RTU9GalZqVjIyMU9VWmVpdHREMUZfSUxtWFZOUW4xeTQ3cEJtd2xaanNoU1hNcDFKZWtuYjk0Y3lnUUQ0REFMNHpYMU5lX01KYVZpUDRrVkdXbTJXU2Y2NUg0YS1UYmttZXNrRFFtWEY0VjY5WG1yMEJ0X0tRX19RZEU4cURxTjJxa3N3dVdDcXlMTWU3RVJIbEZXSXUwdVdVbElidVhoNkhIS1gxbS1FY1BlSWhKQWlUd1g5b1gyVWhUcWhBZGJ2Qm1TSlFyVVFCSk1sZHdndw?oc=5\" target=\"_blank\" rel=\"nofollow noopener\">Max Verstappen remporte le Grand Prix des \u00c9tats-Unis devant Norris et se rapproche encore de Piastri au Championnat<\/a>&nbsp;&nbsp;L&rsquo;\u00c9quipe<\/li>\n<li><a href=\"https:\/\/news.google.com\/rss\/articles\/CBMivgFBVV95cUxOWXFfRkF1Um9uTzJPQjRVMEZjLTdjTDZVODh0ZjBhY1hlaG1oak51S1JJSXcwZ05vTjhZZFJXVTBwaGM1Y2lCZlc3VU9oZUo3N21Ud0RfcmNjUmM5QWZ4MldFY3VvS004dUNDOGlldnBCTWVWLVVpNms2cXlJeHo4bFhXX3lDRzFmSklpeE5mODJCVk9TT0UwVmMzbUJwdnU2ai1VWThXT2tUUkVLZUtvSEUtNldVc1FXNzQycGtR?oc=5\" target=\"_blank\" rel=\"nofollow noopener\">F1 &#8211; GP des Etats-Unis : Suivez la course en direct<\/a>&nbsp;&nbsp;Orange Actualit\u00e9s | Sports<\/li>\n<li><a href=\"https:\/\/news.google.com\/rss\/articles\/CBMigAJBVV95cUxNMVg2Y1J4c2hLNU8zZThmM0R4dlJEd3F6N1pNM0RmeXNaaHQwdThLNW9ON2VENE9ucHVScENPenFONEZBcllINHhPb2p1d1ZCbFlIWW5wSWxveWlfSURaYkNvbjlFa1NRcVdiRnVvVmhqcU93LW5fLVFkVnI3eU03UXVuNlc1STVvR2pEU3Uyc0V5RW4zaE0zdUM2aDMtdTdzcjNVWGk1a0J2Y282QnpibkZXTlNMMml1bEYxWHNTeHUxT2p3NjNJTDMtWFQyWlBGTlE2Z1pjclMwQ2szNW1GWk9JbWdocTczWThfUFpIRU1Zd2IxU21Ed2FHbVVOYlJJ?oc=5\" target=\"_blank\" rel=\"nofollow noopener\">Formule 1 : le classement du Championnat du monde des pilotes apr\u00e8s le GP des \u00c9tats-Unis<\/a>&nbsp;&nbsp;Le Parisien<\/li>\n<li><a href=\"https:\/\/news.google.com\/rss\/articles\/CBMivgFBVV95cUxQQmJ0dF9yMjRFNnRjbG0wMU16dUYtaXh5OWtZMnY5aWF1NGRaYmlLRUF2bk5LM0xNdnlzV04wZEVMeU5fWG5LUVpwbEtTeHlBRGd5N3Y5VjI2RktLZU5WZW1OVFZOWkZWa3Q5T2dZT2MwLTBWV0ZHNzZaVWJPZl95VUNoczM0bVFsYzZQRGZLWmlfVmUzV2JNb2pOZlB0UVdXVWFhZnAtQkcxdUhNcHFyNHh2SzNZSWxjOFZlWEtn?oc=5\" target=\"_blank\" rel=\"nofollow noopener\">Formule 1 (GP des \u00c9tats-Unis): le week-end parfait pour Verstappen, qui se rapproche des Mc Laren au classement des pilotes<\/a>&nbsp;&nbsp;RMC Sport<\/li>\n<\/ol>\n","protected":false},"excerpt":{"rendered":"Grand Prix des Etats-Unis 2025 de formule 1, r\u00e9sum\u00e9 de la course&nbsp;&nbsp;L&rsquo;\u00c9quipe Max Verstappen remporte le Grand Prix&hellip;\n","protected":false},"author":2,"featured_media":475944,"comment_status":"","ping_status":"","sticky":false,"template":"","format":"standard","meta":{"footnotes":""},"categories":[1412],"tags":[1451,1452,1453,1454,1455,1011,27,60],"class_list":{"0":"post-475943","1":"post","2":"type-post","3":"status-publish","4":"format-standard","5":"has-post-thumbnail","7":"category-f1","8":"tag-f1","9":"tag-formula-1","10":"tag-formula1","11":"tag-formule-1","12":"tag-formule1","13":"tag-fr","14":"tag-france","15":"tag-sports"},"share_on_mastodon":{"url":"https:\/\/pubeurope.com\/@fr\/115403831656672747","error":""},"_links":{"self":[{"href":"https:\/\/www.europesays.com\/fr\/wp-json\/wp\/v2\/posts\/475943","targetHints":{"allow":["GET"]}}],"collection":[{"href":"https:\/\/www.europesays.com\/fr\/wp-json\/wp\/v2\/posts"}],"about":[{"href":"https:\/\/www.europesays.com\/fr\/wp-json\/wp\/v2\/types\/post"}],"author":[{"embeddable":true,"href":"https:\/\/www.europesays.com\/fr\/wp-json\/wp\/v2\/users\/2"}],"replies":[{"embeddable":true,"href":"https:\/\/www.europesays.com\/fr\/wp-json\/wp\/v2\/comments?post=475943"}],"version-history":[{"count":0,"href":"https:\/\/www.europesays.com\/fr\/wp-json\/wp\/v2\/posts\/475943\/revisions"}],"wp:featuredmedia":[{"embeddable":true,"href":"https:\/\/www.europesays.com\/fr\/wp-json\/wp\/v2\/media\/475944"}],"wp:attachment":[{"href":"https:\/\/www.europesays.com\/fr\/wp-json\/wp\/v2\/media?parent=475943"}],"wp:term":[{"taxonomy":"category","embeddable":true,"href":"https:\/\/www.europesays.com\/fr\/wp-json\/wp\/v2\/categories?post=475943"},{"taxonomy":"post_tag","embeddable":true,"href":"https:\/\/www.europesays.com\/fr\/wp-json\/wp\/v2\/tags?post=475943"}],"curies":[{"name":"wp","href":"https:\/\/api.w.org\/{rel}","templated":true}]}}