{"id":475945,"date":"2025-10-20T01:11:13","date_gmt":"2025-10-20T01:11:13","guid":{"rendered":"https:\/\/www.europesays.com\/fr\/475945\/"},"modified":"2025-10-20T01:11:13","modified_gmt":"2025-10-20T01:11:13","slug":"cyclisme-tour-de-guangxi-victor-lafay-etre-si-proche-est-toujours-frustrant-mais","status":"publish","type":"post","link":"https:\/\/www.europesays.com\/fr\/475945\/","title":{"rendered":"Cyclisme. Tour de Guangxi &#8211; Victor Lafay : \u00ab\u00catre si proche est toujours frustrant mais&#8230;\u00bb"},"content":{"rendered":"<p>Comme promis, <strong><a href=\"https:\/\/www.cyclismactu.net\/..\/\" target=\"_blank\" rel=\"noopener\">Victor Lafay<\/a><\/strong> a tout tent\u00e9 ce dimanche en Chine, mais il n&rsquo;a pas pu renverser <strong>Paul Double<\/strong> (Jayco AlUla) sur la 6e et derni\u00e8re \u00e9tape du <strong><a href=\"https:\/\/www.cyclismactu.net\/..\/news-tour-de-guangxi-route-paul-magnier-6e-etape-paul-double-general-victor-lafay-2e-90656.html\" target=\"_blank\" rel=\"noopener\">Gree &#8211; Tour de Guangxi<\/a><\/strong>. Le puncheur fran\u00e7ais poss\u00e9dait 15 secondes de retard avant cette ultime journ\u00e9e, et malgr\u00e9 une tr\u00e8s grosse attaque dans le dernier passage de l&rsquo;unique difficult\u00e9 du jour (un mur de\u00a01,3 km \u00e0 11,5 %) qui a un temps inqui\u00e9t\u00e9 le Britannique, c&rsquo;ets finalement un petit peloton qui est arriv\u00e9 group\u00e9 pour la 5e victoire de la semaine de <strong><a href=\"https:\/\/www.cyclismactu.net\/..\/news-tour-de-guangxi-route-paul-magnier-victorieux-c-est-de-bon-augure-pour-2026-90657.html\" target=\"_blank\" rel=\"noopener\">Paul Magnier<\/a><\/strong> (Soudal Quick-Step). Impressionnant dans le raidard, le coureur de Decathlon AG2R La Mondiale a bascul\u00e9 avec pr\u00e8s de 20 secondes d&rsquo;avance sur le reste de la meute. Malheureusement pour lui, la poursuite s&rsquo;est bien organis\u00e9e, et il a finalement \u00e9t\u00e9 repris \u00e0 12 bornes du but. Pas de rergret \u00e0 avoir donc pour Lafay apr\u00e8s cette belle semaine conclue par un podium sur une course par \u00e9tapes WorldTour.<\/p>\n<p>Vid\u00e9o &#8211; Paul Magnier a sign\u00e9 un quintupl\u00e9 ce dimanche Lire la suite de l&rsquo;article&#13;<\/p>\n<p>\u00a0<\/p>\n<p>&#13;<br \/>\n\u00ab\u00a0Faire un podium sur une course WorldTour&#8230;\u00a0\u00bb&#13;<\/p>\n<p>\u00ab\u00a0Je suis super content de ce qu&rsquo;on a fait cette semaine avec l&rsquo;\u00e9quipe\u00a0\u00bb, a-t-il r\u00e9agi dans le communiqu\u00e9 de son \u00e9quipe. \u00ab\u00a0On a \u00e9t\u00e9 concentr\u00e9 sur chaque \u00e9tape, que ce soit pour disputer les sprints ou le classement g\u00e9n\u00e9ral. On a couru comme il le fallait. Aujourd&rsquo;hui encore, l&rsquo;\u00e9quipe a fait un super travail pour me permettre d&rsquo;essayer d&rsquo;aller chercher la victoire. Dans le dernier tour, j&rsquo;ai saisi ma chance et personne ne m&rsquo;a suivi. Nous avons tent\u00e9 un dernier relais avec Nans (Peters) mais il fallait aussi penser \u00e0 pr\u00e9server cette seconde place. Faire un podium sur une course WorldTour c&rsquo;est exceptionnel. J&rsquo;ai eu la chance de go\u00fbter \u00e0 la victoire dans le pass\u00e9, \u00eatre si proche est toujours un peu frustrant mais je suis satisfait de terminer la saison avec une performance de ce niveau\u00a0\u00bb, a conclu celui qui ne sait toujours pas s&rsquo;il continuera \u00e0 faire du v\u00e9lo chez les professionnels l&rsquo;an prochain&#8230;<\/p>\n<p>Gree-Tour de Guangxi &#8211; Classement de la 6\u00e8 \u00e9tape Gree-Tour de Guangxi &#8211; Classement g\u00e9n\u00e9ral<\/p>\n","protected":false},"excerpt":{"rendered":"Comme promis, Victor Lafay a tout tent\u00e9 ce dimanche en Chine, mais il n&rsquo;a pas pu renverser Paul&hellip;\n","protected":false},"author":2,"featured_media":475946,"comment_status":"","ping_status":"","sticky":false,"template":"","format":"standard","meta":{"footnotes":""},"categories":[1411],"tags":[1154,207,211,1011,27,209,60,210,59625,212,208,213],"class_list":{"0":"post-475945","1":"post","2":"type-post","3":"status-publish","4":"format-standard","5":"has-post-thumbnail","7":"category-cyclisme","8":"tag-cycling","9":"tag-cyclisme","10":"tag-ffc","11":"tag-fr","12":"tag-france","13":"tag-route","14":"tag-sports","15":"tag-tour-de-france","16":"tag-tour-de-guangxi","17":"tag-uci","18":"tag-velo","19":"tag-world-tour"},"share_on_mastodon":{"url":"https:\/\/pubeurope.com\/@fr\/115403835600961999","error":""},"_links":{"self":[{"href":"https:\/\/www.europesays.com\/fr\/wp-json\/wp\/v2\/posts\/475945","targetHints":{"allow":["GET"]}}],"collection":[{"href":"https:\/\/www.europesays.com\/fr\/wp-json\/wp\/v2\/posts"}],"about":[{"href":"https:\/\/www.europesays.com\/fr\/wp-json\/wp\/v2\/types\/post"}],"author":[{"embeddable":true,"href":"https:\/\/www.europesays.com\/fr\/wp-json\/wp\/v2\/users\/2"}],"replies":[{"embeddable":true,"href":"https:\/\/www.europesays.com\/fr\/wp-json\/wp\/v2\/comments?post=475945"}],"version-history":[{"count":0,"href":"https:\/\/www.europesays.com\/fr\/wp-json\/wp\/v2\/posts\/475945\/revisions"}],"wp:featuredmedia":[{"embeddable":true,"href":"https:\/\/www.europesays.com\/fr\/wp-json\/wp\/v2\/media\/475946"}],"wp:attachment":[{"href":"https:\/\/www.europesays.com\/fr\/wp-json\/wp\/v2\/media?parent=475945"}],"wp:term":[{"taxonomy":"category","embeddable":true,"href":"https:\/\/www.europesays.com\/fr\/wp-json\/wp\/v2\/categories?post=475945"},{"taxonomy":"post_tag","embeddable":true,"href":"https:\/\/www.europesays.com\/fr\/wp-json\/wp\/v2\/tags?post=475945"}],"curies":[{"name":"wp","href":"https:\/\/api.w.org\/{rel}","templated":true}]}}