{"id":475955,"date":"2025-10-20T01:17:20","date_gmt":"2025-10-20T01:17:20","guid":{"rendered":"https:\/\/www.europesays.com\/fr\/475955\/"},"modified":"2025-10-20T01:17:20","modified_gmt":"2025-10-20T01:17:20","slug":"cet-artiste-de-dieppe-va-devoiler-des-disciplines-jamais-vues-dans-la-france-a-un-incroyable-talent","status":"publish","type":"post","link":"https:\/\/www.europesays.com\/fr\/475955\/","title":{"rendered":"Cet artiste de Dieppe va d\u00e9voiler des disciplines jamais vues dans la France a un incroyable talent"},"content":{"rendered":"<p>            Par<br \/>\n        <strong><br \/>\n            <a href=\"https:\/\/actu.fr\/auteur\/maxime-cartier1\" title=\"Consulter tous les articles de Maxime Cartier\" target=\"_blank\" rel=\"noopener\">Maxime Cartier<\/a><br \/>\n        <\/strong><\/p>\n<p>        Publi\u00e9 le<\/p>\n<p>            19 oct. 2025 \u00e0 20h06        <\/p>\n<p>Si <a href=\"https:\/\/actu.fr\/normandie\/dieppe_76217\/cet-habitant-de-dieppe-va-devoiler-un-talent-tres-special-devant-la-france-entiere-sur-m6_63297288.html\" target=\"_blank\" rel=\"noopener\">Alain Caillet<\/a> vous a fait rire et a mis en avant le go\u00e9land \u00e0 travers l\u2019\u00e9mission <b>la France a un incroyable talent,<\/b> un autre candidat, travaillant \u00e0 <a href=\"https:\/\/actu.fr\/normandie\/dieppe_76217\" target=\"_blank\" rel=\"noopener\">Dieppe (Seine-Maritime)<\/a>, risque de vous laisser bouche b\u00e9e. Herwan Legaillard a brill\u00e9 aux \u00c9tats-Unis dans l\u2019<b>\u00e9mission America\u2019s god talent<\/b> et il compte bien en faire de m\u00eame sur M6, ce mardi 21\u00a0octobre 2025. Il va d\u00e9voiler au public deux disciplines qui vont vous plonger totalement dans l\u2019<b>univers du cirque<\/b>.<\/p>\n<p>Un art du cirque d\u2019antan<\/p>\n<p class=\" wall-content\">\u00c0 35\u00a0ans, le natif de Cherbourg qui fait partie de l\u2019\u00e9quipe du <b>cabaret La sir\u00e8ne \u00e0 barbe<\/b> va r\u00e9aliser un r\u00eave. En effet, lorsqu\u2019il \u00e9tait adolescent, il regardait avec admiration cette \u00e9mission t\u00e9l\u00e9vis\u00e9e.<\/p>\n<p class=\" wall-content\">Aux \u00c9tats-Unis, il a eu l\u2019occasion de d\u00e9voiler son talent, d\u00e9compos\u00e9 en deux disciplines\u2009: les <b>acrobaties a\u00e9riennes<\/b> et le fait d\u2019<b>a<\/b><b>valer des sabres<\/b>. Pour cette derni\u00e8re, \u00ab\u2009c\u2019est une vieille discipline du cirque que l\u2019on retrouvait dans les freaks shows. J\u2019avais l\u2019id\u00e9e d\u2019exercer cette activit\u00e9 et de la remettre au go\u00fbt du jour\u2009\u00bb, explique l\u2019artiste.<\/p>\n<p class=\" wall-content\">Cela fait six ans qu\u2019il avale des sabres. Et contrairement aux id\u00e9es re\u00e7ues, \u00ab\u2009non, ce ne sont pas des sabres r\u00e9tractables\u2009\u00bb, tient \u00e0 clarifier Herwan Legaillard. L\u2019arme, en acier, mesure environ 50\u00a0cm\u2009!<\/p>\n<p class=\" wall-content\">Et pour apporter de la modernit\u00e9, il utilise un sabre lumineux pour vous plonger v\u00e9ritablement dans l\u2019ambiance.<\/p>\n<p class=\" wall-content\">La discipline est jug\u00e9e comme dangereuse, \u00ab\u2009il y a de gros risques de se faire mal\u2009\u00bb, reconna\u00eet le membre du cabaret la Sir\u00e8ne \u00e0 barbe.<\/p>\n<p class=\" wall-content\">Pour r\u00e9ussir, il effectue une sorte de m\u00e9ditation, joue beaucoup sur sa respiration et sur le r\u00e9flexe vomitif.<\/p>\n<p>Votre r\u00e9gion, votre actu !<\/p>\n<p>Recevez chaque jour les infos qui comptent pour vous.<\/p>\n<p>\t<a href=\"https:\/\/actu.fr\/newsletter\" class=\"ac-btn ac-btn--corner ac-btn--medium ac-btn--blue800\" target=\"_blank\" rel=\"noopener\">S&rsquo;incrire<\/a><\/p>\n<p class=\" wall-content\">S\u2019il arrive \u00e0 accomplir cet exploit, \u00ab\u2009c\u2019est parce que j\u2019ai une \u00e9norme connaissance de mon corps gr\u00e2ce \u00e0 mes entra\u00eenements en acrobatie. Avaler des sabres, c\u2019est quand m\u00eame un don, c\u2019est quelque chose d\u2019assez inn\u00e9 chez moi\u2009\u00bb.<\/p>\n<p>Plus stress\u00e9 de participer \u00e0 la maison<\/p>\n<p class=\" wall-content\">Une nouvelle fois, ce n\u2019est pas lui qui a postul\u00e9 pour l\u2019\u00e9mission. On est venu le chercher. Mais l\u00e0, le candidat n\u2019est pas dans le m\u00eame \u00e9tat d\u2019esprit\u2009: \u00ab\u2009Je suis presque plus stress\u00e9 de participer en France qu\u2019aux \u00c9tats-Unis. L\u00e0, je suis \u00e0 la maison, il y a mes proches et des \u00e9coles de cirque qui peuvent me regarder\u2009\u00bb, constate-t-il.<\/p>\n<p class=\" wall-content\">Herwan Legaillard a \u00e9t\u00e9 contact\u00e9 en janvier et a pass\u00e9 son audition en juillet.<\/p>\n<p class=\" wall-content\">Vous d\u00e9couvrirez ses deux disciplines dans un num\u00e9ro de 3 min. Un sacr\u00e9 challenge pour lui, \u00ab\u2009car de base, mes num\u00e9ros sont plus longs\u2009\u00bb.<\/p>\n<p class=\" wall-content\">Va-t-il s\u00e9duire le jury ou son aventure s\u2019arr\u00eatera-t-elle\u2009? R\u00e9ponse mardi soir.<\/p>\n<p class=\" wall-content\">Personnalisez votre actualit\u00e9 en ajoutant vos villes et m\u00e9dias en favori avec <a href=\"https:\/\/moncompte.actu.fr\" title=\"D\u00e9couvez Mon Actu\" rel=\"nofollow noopener\" data-trk=\"{&quot;cta&quot;:{&quot;action&quot;:&quot;https:\\\/\\\/moncompte.actu.fr&quot;,&quot;category&quot;:&quot;mon compte&quot;,&quot;from&quot;:&quot;article footer&quot;,&quot;name&quot;:&quot;Mon actu&quot;,&quot;type&quot;:&quot;cta&quot;}}\" target=\"_blank\">Mon Actu<\/a>.<\/p>\n","protected":false},"excerpt":{"rendered":"Par Maxime Cartier Publi\u00e9 le 19 oct. 2025 \u00e0 20h06 Si Alain Caillet vous a fait rire et&hellip;\n","protected":false},"author":2,"featured_media":475956,"comment_status":"","ping_status":"","sticky":false,"template":"","format":"standard","meta":{"footnotes":""},"categories":[1356],"tags":[5398,58,59,1011,27,104,252,1364],"class_list":{"0":"post-475955","1":"post","2":"type-post","3":"status-publish","4":"format-standard","5":"has-post-thumbnail","7":"category-television","8":"tag-cirque","9":"tag-divertissement","10":"tag-entertainment","11":"tag-fr","12":"tag-france","13":"tag-societe","14":"tag-television","15":"tag-tv"},"share_on_mastodon":{"url":"https:\/\/pubeurope.com\/@fr\/115403859574921279","error":""},"_links":{"self":[{"href":"https:\/\/www.europesays.com\/fr\/wp-json\/wp\/v2\/posts\/475955","targetHints":{"allow":["GET"]}}],"collection":[{"href":"https:\/\/www.europesays.com\/fr\/wp-json\/wp\/v2\/posts"}],"about":[{"href":"https:\/\/www.europesays.com\/fr\/wp-json\/wp\/v2\/types\/post"}],"author":[{"embeddable":true,"href":"https:\/\/www.europesays.com\/fr\/wp-json\/wp\/v2\/users\/2"}],"replies":[{"embeddable":true,"href":"https:\/\/www.europesays.com\/fr\/wp-json\/wp\/v2\/comments?post=475955"}],"version-history":[{"count":0,"href":"https:\/\/www.europesays.com\/fr\/wp-json\/wp\/v2\/posts\/475955\/revisions"}],"wp:featuredmedia":[{"embeddable":true,"href":"https:\/\/www.europesays.com\/fr\/wp-json\/wp\/v2\/media\/475956"}],"wp:attachment":[{"href":"https:\/\/www.europesays.com\/fr\/wp-json\/wp\/v2\/media?parent=475955"}],"wp:term":[{"taxonomy":"category","embeddable":true,"href":"https:\/\/www.europesays.com\/fr\/wp-json\/wp\/v2\/categories?post=475955"},{"taxonomy":"post_tag","embeddable":true,"href":"https:\/\/www.europesays.com\/fr\/wp-json\/wp\/v2\/tags?post=475955"}],"curies":[{"name":"wp","href":"https:\/\/api.w.org\/{rel}","templated":true}]}}