{"id":475963,"date":"2025-10-20T01:22:16","date_gmt":"2025-10-20T01:22:16","guid":{"rendered":"https:\/\/www.europesays.com\/fr\/475963\/"},"modified":"2025-10-20T01:22:16","modified_gmt":"2025-10-20T01:22:16","slug":"bruce-toussaint-revient-sur-le-meurtre-de-sa-cousine-survenu-a-penly","status":"publish","type":"post","link":"https:\/\/www.europesays.com\/fr\/475963\/","title":{"rendered":"Bruce Toussaint revient sur le meurtre de sa cousine survenu \u00e0 Penly"},"content":{"rendered":"<p>            Par<br \/>\n        <strong><br \/>\n            <a href=\"https:\/\/actu.fr\/auteur\/augustin-bouquetdeschaux\" title=\"Consulter tous les articles de Augustin Bouquet des Chaux\" target=\"_blank\" rel=\"noopener\">Augustin Bouquet des Chaux<\/a><br \/>\n        <\/strong><\/p>\n<p>        Publi\u00e9 le<\/p>\n<p>            19 oct. 2025 \u00e0 17h29        <\/p>\n<p class=\"ac-article-content__question\">Pourquoi avoir choisi de revenir sur cette histoire un peu plus de 40\u00a0ans apr\u00e8s les faits ?<\/p>\n<p class=\" wall-content\">Bruce Toussaint : C\u2019\u00e9tait quelque chose que je n\u2019avais pas pr\u00e9vu. Cette histoire, j\u2019en entends parler depuis que je suis petit. \u00c0 l\u2019\u00e9poque des faits, j\u2019avais 11\u00a0ans et \u00e7a m\u2019a \u00e9t\u00e9 un peu cach\u00e9 \u00e0 cause de mon \u00e2ge forc\u00e9ment.<\/p>\n<p class=\" wall-content\">Le temps est ensuite pass\u00e9, mais la trag\u00e9die a ressurgi \u00e0 l\u2019occasion du d\u00e9c\u00e8s de ma grand-m\u00e8re, en 2014. Et puis il y a deux ans, j\u2019y ai repens\u00e9 et je me suis dit que maintenant, j\u2019avais vraiment envie de savoir. J\u2019ai retrouv\u00e9 des articles de l\u2019\u00e9poque relatant les faits et j\u2019ai \u00e9t\u00e9 choqu\u00e9 en d\u00e9couvrant ce qu\u2019il s\u2019\u00e9tait produit.<\/p>\n<p class=\"ac-article-content__question wall-content\">Quelle a \u00e9t\u00e9 la r\u00e9action de vos proches en apprenant que vous souhaitiez \u00e9crire un livre sur le meurtre de Nathalie ?<\/p>\n<p class=\" wall-content\">Je n\u2019aurai jamais rien racont\u00e9 sans l\u2019aval de la m\u00e8re de Nathalie. J\u2019ai senti qu\u2019elle avait envie de t\u00e9moigner. Pour une m\u00e8re, la mort d\u2019un enfant, c\u2019est quelque chose d\u2019irr\u00e9parable. Les faits sont toujours aussi pr\u00e9sents \u00e0 son esprit. Elle a accept\u00e9 peut-\u00eatre en se disant qu\u2019elle n\u2019\u00e9tait plus toute seule \u00e0 y penser.<\/p>\n<p>Dites-lui que je pense \u00e0 elle<\/p>\n<p>Le 18 octobre 1984, le corps de Nathalie Fauvel, \u00e2g\u00e9e de 14 ans, est retrouv\u00e9 par une enseignante dans la cour de l&rsquo;\u00e9cole communale de Penly. La jeune victime g\u00eet face contre terre, un couteau encore plant\u00e9 dans le dos. L&rsquo;adolescente a \u00e9t\u00e9 assassin\u00e9e par Alfred. V. (nom d&#8217;emprunt)<br \/>&#13;<br \/>\nCet homme, \u00e2g\u00e9 de 29 ans et ayant des rapports compliqu\u00e9s avec les femmes, avait d\u00e9velopp\u00e9 une forme d&rsquo;obsession pour Nathalie, persuad\u00e9 que l&rsquo;amour qu&rsquo;il lui portait \u00e9tait r\u00e9ciproque. Quelques jours avant le drame, il avait achet\u00e9 un couteau en pr\u00e9vision du meurtre. Quelques minutes apr\u00e8s son m\u00e9fait, croisant le p\u00e8re de Nathalie qui cherchait partout sa fille, il dira \u00ab Nathalie, je l&rsquo;ai d\u00e9zingu\u00e9 \u00bb. Dans Dites-lui que je pense \u00e0 elle, Bruce Toussaint raconte le crime mais surtout l&rsquo;impact qu&rsquo;il a eu sur la famille de la victime. C&rsquo;est aussi une enqu\u00eate sur les rapports homme\/femme \u00e0 une \u00e9poque o\u00f9 le mot de f\u00e9minicide n&rsquo;existait pas.<\/p>\n<p class=\"ac-article-content__question wall-content\">Quarante ans apr\u00e8s les faits, avez-vous eu du mal \u00e0 r\u00e9colter des t\u00e9moignages clairs ?<\/p>\n<p class=\" wall-content\">Pour une famille, un tel s\u00e9isme, c\u2019est grav\u00e9 \u00e0 vie. Il y a des choses qui ne s\u2019effaceront jamais. Mais il faut reconna\u00eetre que la m\u00e9moire, c\u2019est quelque chose de difficile \u00e0 comprendre. Des d\u00e9tails vont rester grav\u00e9s pendant 40\u00a0ans, alors\u00a0que d\u2019autres, non.<\/p>\n<p class=\" wall-content\">Heureusement, le travail de la presse et de la Justice permet, gr\u00e2ce aux comptes rendus et au dossier juridique, de mettre des \u00e9l\u00e9ments concrets sur des t\u00e9moignages qui peuvent parfois \u00eatre plus n\u00e9buleux en ce qui concerne les d\u00e9tails.<\/p>\n<p class=\"ac-article-content__question wall-content\">Cette affaire se d\u00e9roule \u00e0 Penly, \u00e0 quelques kilom\u00e8tres \u00e0 peine de Dieppe. Quels sont vos liens avec la r\u00e9gion dieppoise ?<\/p>\n<p class=\" wall-content\">Mon p\u00e8re est n\u00e9 \u00e0 Dieppe en 1947, au premier \u00e9tage d\u2019un restaurant routier situ\u00e9 avenue de la R\u00e9publique \u00e0 l\u2019\u00e9poque. Ce restaurant \u00e9tait tenu par mes grands-parents et la famille de mon grand-p\u00e8re \u00e9tait de Derchigny-Graincourt. Ma grand-m\u00e8re \u00e9tait Havraise, mais elle est venue s\u2019installer \u00e0 Dieppe.<\/p>\n<p class=\" wall-content\">La maison de mes grands-parents, \u00e0 Neuville-l\u00e8s-Dieppe, une long\u00e8re en brique rouge dans le vieux Neuville, c\u2019est l\u00e0 o\u00f9 j\u2019ai pass\u00e9 toutes mes vacances. Je me souviens de mes journ\u00e9es \u00e0 la plage, de la Grande-Rue, du cin\u00e9ma, du champ de courses de Rouxmesnil-Bouteilles\u2026<\/p>\n<p>Votre r\u00e9gion, votre actu !<\/p>\n<p>Recevez chaque jour les infos qui comptent pour vous.<\/p>\n<p>\t<a href=\"https:\/\/actu.fr\/newsletter\" class=\"ac-btn ac-btn--corner ac-btn--medium ac-btn--blue800\" target=\"_blank\" rel=\"noopener\">S&rsquo;incrire<\/a><\/p>\n<p class=\" wall-content\">La maison a \u00e9t\u00e9 vendue au d\u00e9c\u00e8s de ma grand-m\u00e8re, nous n\u2019\u00e9tions plus dans la r\u00e9gion, mais \u00e7a a \u00e9t\u00e9 un d\u00e9chirement de s\u2019en s\u00e9parer. J\u2019ai un attachement toujours particulier \u00e0 cet endroit.<\/p>\n<p>    <img   decoding=\"async\" loading=\"lazy\" class=\"size-large\" src=\"https:\/\/www.europesays.com\/fr\/wp-content\/uploads\/2025\/10\/4a2dd25b19e86225dd25b19e88e5ddv-643x640.jpg\" alt=\"Le livre du journaliste est d'ores et d\u00e9j\u00e0 disponibles \u00e0 la vente.\" width=\"643\" height=\"640\"\/><br \/>\n    Le livre du journaliste de TF1 est d\u2019ores et d\u00e9j\u00e0 disponible \u00e0 la vente. \u00a9Photo fournie \u00e0 la r\u00e9daction<\/p>\n<p class=\"ac-article-content__question wall-content\">Vous n\u2019\u00eates pas tendre dans votre description du paysage de Penly. Pensez-vous que les faits ne seraient pas arriv\u00e9s dans un village peut-\u00eatre plus riche ?<\/p>\n<p class=\" wall-content\">Je ne crois pas, ce n\u2019est pas tant le lieu, mais plut\u00f4t l\u2019\u00e9poque qui a cr\u00e9\u00e9 cette situation. C\u2019\u00e9tait un moment o\u00f9 l\u2019on voyait moins le danger, o\u00f9 nous \u00e9tions moins attentifs \u00e0 ce que l\u2019on appelle aujourd\u2019hui les signaux faibles de f\u00e9minicide.<\/p>\n<p class=\" wall-content\">Je crois que le village avait beau \u00eatre marqu\u00e9 par la d\u00e9sindustrialisation et un fort taux de ch\u00f4mage, il y avait une tr\u00e8s grande solidarit\u00e9 et entraide entre les habitants. D\u2019ailleurs, cela se voit lors de l\u2019enterrement de Nathalie. Tout le monde est pr\u00e9sent, c\u2019\u00e9tait l\u2019enfant de toutes les familles.<\/p>\n<p class=\"ac-article-content__question wall-content\">En lisant le livre, on voit que vos enfants se sont investis dans votre enqu\u00eate. Quel regard portez-vous sur cette implication ?<\/p>\n<p class=\" wall-content\">Quand j\u2019ai commenc\u00e9 \u00e0 \u00e9crire, j\u2019ai pr\u00e9venu tout le monde du projet. J\u2019ai trouv\u00e9 que c\u2019\u00e9tait bien qu\u2019ils s\u2019impliquent, car cette histoire fait partie de leur identit\u00e9, de ce qui a construit cette famille. C\u2019est toujours important de savoir d\u2019o\u00f9 l\u2019on vient. Ils ont eu envie de participer et de comprendre dans une id\u00e9e de construction de soi-m\u00eame.<\/p>\n<p class=\"ac-article-content__question wall-content\">Cette affaire survient \u00e0 peu pr\u00e8s au m\u00eame moment que l\u2019affaire Gr\u00e9gory, pourtant l\u2019\u00e9cho m\u00e9diatique est inexistant sauf dans la presse locale. Avez-vous compris cette grande diff\u00e9rence de traitement ?<\/p>\n<p class=\" wall-content\">Les affaires qui ont le plus gros \u00e9cho m\u00e9diatique sont celles dans lesquelles il y a du myst\u00e8re et de l\u2019inconnu avec une enqu\u00eate pour d\u00e9couvrir qui a tu\u00e9. Ce n\u2019est pas le cas pour Nathalie, le meurtrier avoue le crime quelques minutes apr\u00e8s l\u2019avoir commis. Je ne d\u00e9tiens pas la v\u00e9rit\u00e9 absolue, mais je pense que \u00e7a en dit aussi beaucoup sur l\u2019\u00e9poque.<\/p>\n<p class=\" wall-content\">Une \u00e9poque au cours de laquelle les violences conjugales n\u2019\u00e9taient pas aussi mal tol\u00e9r\u00e9es qu\u2019aujourd\u2019hui. En 1984, il est souvent r\u00e9p\u00e9t\u00e9 que c\u2019est un amoureux \u00e9conduit. Les m\u00e9dias refl\u00e8tent la soci\u00e9t\u00e9 de l\u2019\u00e9poque. Les faits sont affreux, mais au final, on doit un peu se dire : \u00ab Ce n\u2019est pas si grave \u00bb.<\/p>\n<p class=\"ac-article-content__question wall-content\">La presse locale a \u00e9t\u00e9 la seule \u00e0 traiter l\u2019affaire\u2026<\/p>\n<p class=\" wall-content\">La presse locale n\u2019a pas la m\u00eame vision que la presse nationale. Les journalistes locaux constatent sur place l\u2019\u00e9motion que le meurtre suscite.<\/p>\n<p class=\"ac-article-content__question wall-content\">Vous avez fait le choix de ne pas contacter le meurtrier, pourquoi ?<\/p>\n<p class=\" wall-content\">Pour moi, ce livre, c\u2019est avant tout un hommage \u00e0 Nathalie, \u00e0 la victime. Tout au long de l\u2019instruction et m\u00eame durant le proc\u00e8s, on s\u2019est beaucoup attard\u00e9 sur les circonstances att\u00e9nuantes du meurtrier. Le verdict, seulement 15\u00a0ans de prison pour un meurtre avec pr\u00e9m\u00e9ditation, a \u00e9t\u00e9 particuli\u00e8rement mal v\u00e9cu par la famille.<\/p>\n<p class=\" wall-content\">Pour elle, cette peine \u00e9tait largement insuffisante. J\u2019ai choisi de donner des cl\u00e9s pour comprendre la personnalit\u00e9 de l\u2019assassin et ce qui a pu le conduire au meurtre. Mais je tenais \u00e0 mettre en avant la victime et sa famille.<\/p>\n<p class=\"ac-article-content__question wall-content\">Quel regard le journaliste que vous \u00eates pose-t-il sur les comptes rendus d\u2019audience de l\u2019\u00e9poque ?<\/p>\n<p class=\" wall-content\">D\u2019abord, heureusement qu\u2019ils existent ces comptes rendus, parce que sinon je n\u2019aurai pas eu de d\u00e9tails sur la fa\u00e7on dont l\u2019audience s\u2019est d\u00e9roul\u00e9e. Ensuite, la soci\u00e9t\u00e9 et la presse ont chang\u00e9 en 40\u00a0ans. Des expressions comme \u00ab crime passionnel \u00bb et \u00ab d\u00e9pit amoureux \u00bb ne sont plus utilis\u00e9es et je ne suis pas s\u00fbr que \u00e7a viendrait \u00e0 l\u2019esprit d\u2019un journaliste de les \u00e9crire aujourd\u2019hui. Je mesure le chemin parcouru.<\/p>\n<p class=\" wall-content\">Mais il faut aussi dire que les comptes rendus sont particuli\u00e8rement bien \u00e9crits. Ils relatent tr\u00e8s bien la fa\u00e7on dont l\u2019avocat du meurtrier a d\u00e9fendu son client et a r\u00e9ussi \u00e0 r\u00e9duire consid\u00e9rablement sa peine.<\/p>\n<p class=\" wall-content\">Personnalisez votre actualit\u00e9 en ajoutant vos villes et m\u00e9dias en favori avec <a href=\"https:\/\/moncompte.actu.fr\" title=\"D\u00e9couvez Mon Actu\" rel=\"nofollow noopener\" data-trk=\"{&quot;cta&quot;:{&quot;action&quot;:&quot;https:\\\/\\\/moncompte.actu.fr&quot;,&quot;category&quot;:&quot;mon compte&quot;,&quot;from&quot;:&quot;article footer&quot;,&quot;name&quot;:&quot;Mon actu&quot;,&quot;type&quot;:&quot;cta&quot;}}\" target=\"_blank\">Mon Actu<\/a>.<\/p>\n","protected":false},"excerpt":{"rendered":"Par Augustin Bouquet des Chaux Publi\u00e9 le 19 oct. 2025 \u00e0 17h29 Pourquoi avoir choisi de revenir sur&hellip;\n","protected":false},"author":2,"featured_media":475964,"comment_status":"","ping_status":"","sticky":false,"template":"","format":"standard","meta":{"footnotes":""},"categories":[8],"tags":[58,59,1011,27,1380,777,104],"class_list":{"0":"post-475963","1":"post","2":"type-post","3":"status-publish","4":"format-standard","5":"has-post-thumbnail","7":"category-divertissement","8":"tag-divertissement","9":"tag-entertainment","10":"tag-fr","11":"tag-france","12":"tag-livres","13":"tag-meurtre","14":"tag-societe"},"share_on_mastodon":{"url":"https:\/\/pubeurope.com\/@fr\/115403879472947737","error":""},"_links":{"self":[{"href":"https:\/\/www.europesays.com\/fr\/wp-json\/wp\/v2\/posts\/475963","targetHints":{"allow":["GET"]}}],"collection":[{"href":"https:\/\/www.europesays.com\/fr\/wp-json\/wp\/v2\/posts"}],"about":[{"href":"https:\/\/www.europesays.com\/fr\/wp-json\/wp\/v2\/types\/post"}],"author":[{"embeddable":true,"href":"https:\/\/www.europesays.com\/fr\/wp-json\/wp\/v2\/users\/2"}],"replies":[{"embeddable":true,"href":"https:\/\/www.europesays.com\/fr\/wp-json\/wp\/v2\/comments?post=475963"}],"version-history":[{"count":0,"href":"https:\/\/www.europesays.com\/fr\/wp-json\/wp\/v2\/posts\/475963\/revisions"}],"wp:featuredmedia":[{"embeddable":true,"href":"https:\/\/www.europesays.com\/fr\/wp-json\/wp\/v2\/media\/475964"}],"wp:attachment":[{"href":"https:\/\/www.europesays.com\/fr\/wp-json\/wp\/v2\/media?parent=475963"}],"wp:term":[{"taxonomy":"category","embeddable":true,"href":"https:\/\/www.europesays.com\/fr\/wp-json\/wp\/v2\/categories?post=475963"},{"taxonomy":"post_tag","embeddable":true,"href":"https:\/\/www.europesays.com\/fr\/wp-json\/wp\/v2\/tags?post=475963"}],"curies":[{"name":"wp","href":"https:\/\/api.w.org\/{rel}","templated":true}]}}