{"id":475965,"date":"2025-10-20T01:23:13","date_gmt":"2025-10-20T01:23:13","guid":{"rendered":"https:\/\/www.europesays.com\/fr\/475965\/"},"modified":"2025-10-20T01:23:13","modified_gmt":"2025-10-20T01:23:13","slug":"tout-savoir-avant-le-joli-spectacle-dans-le-ciel-lundi-soir","status":"publish","type":"post","link":"https:\/\/www.europesays.com\/fr\/475965\/","title":{"rendered":"tout savoir avant le joli spectacle dans le ciel lundi soir"},"content":{"rendered":"<p>            Par<br \/>\n        <strong><br \/>\n            <a href=\"https:\/\/actu.fr\/auteur\/martin-leduc\" title=\"Consulter tous les articles de Martin Leduc\" target=\"_blank\" rel=\"noopener\">Martin Leduc<\/a><br \/>\n        <\/strong><\/p>\n<p>        Publi\u00e9 le<\/p>\n<p>            19 oct. 2025 \u00e0 20h46        <\/p>\n<p>Cela faisait quelque temps qu\u2019actu.fr s\u2019en faisait l\u2019\u00e9cho et c\u2019est d\u00e9sormais le bon timing\u2009: <strong><a href=\"https:\/\/actu.fr\/sciences-technologie\/la-comete-c-2025-r2-et-son-immense-queue-devrait-bientot-etre-visible-en-france-voici-quand-l-observer_63238713.html\" target=\"_blank\" rel=\"noopener\">la com\u00e8te C\/2025 R2 (Swan)<\/a><\/strong> est visible dans le ciel nocturne \u00e0 l\u2019aide d\u2019une paire de jumelles. Ce n\u2019est pas tout (et actu.fr <a href=\"https:\/\/actu.fr\/sciences-technologie\/une-nouvelle-comete-s-approche-de-la-terre-et-elle-pourrait-bientot-etre-visible-depuis-la-france_63174887.html\" target=\"_blank\" rel=\"noopener\">vous en parlait d\u00e9j\u00e0<\/a> il y a quelques semaines), on peut aussi voir, en cette fin octobre\u00a02025, <strong>une autre com\u00e8te nomm\u00e9e, elle, C\/2025 A6 (Lemmon)<\/strong>.<br \/>Et accrochez-vous, car l\u2019espace a encore une derni\u00e8re carte en main pour \u00e9bahir ses spectateurs\u2009: dans la nuit du lundi\u00a020 au mardi 21\u00a0octobre 2025 se tiendra <strong>le pic d\u2019intensit\u00e9 de la pluie d\u2019\u00e9toiles filantes des Orionides<\/strong>. Avec, en prime, une Lune qui perd en intensit\u00e9 \u00e0 mesure que les jours avancent, avant de dispara\u00eetre compl\u00e8tement dans la nuit du 21 pour nous laisser appr\u00e9cier l\u2019observation. Elle n\u2019est pas belle la vie\u2009? On vous explique tout ce qu\u2019il faut savoir pour rien manquer de ce spectacle.<\/p>\n<p>O\u00f9, quand, et comment bien voir la com\u00e8te Swan\u2009?<\/p>\n<p class=\" wall-content\">Il y avait une inqui\u00e9tude, comme toujours avec les com\u00e8tes, mais \u00ab\u2009les deux se portent bien. Je les ai observ\u00e9es ce week-end\u2009\u00bb, nous expliquait, mardi 14\u00a0octobre 2025, Nicolas Biver, astrophysicien \u00e0 l\u2019observatoire de Paris et pr\u00e9sident de la Commission des com\u00e8tes de la Soci\u00e9t\u00e9 astronomique de France.<\/p>\n<p class=\" wall-content\"><strong>C\/2025 R2<\/strong>, que les astronomes nomment <strong>Swan<\/strong>, est visible depuis quelques jours d\u00e9j\u00e0, mais le meilleur moment pour la voir est dans la nuit du dimanche\u00a019 au lundi 20\u00a0octobre 2025, lorsqu\u2019elle sera au plus proche de notre Terre.<\/p>\n<p>    <img   decoding=\"async\" loading=\"lazy\" src=\"https:\/\/www.europesays.com\/fr\/wp-content\/uploads\/2025\/10\/swan-stellarium-960x590.jpg\" alt=\".\" width=\"960\" height=\"590\"\/><br \/>\n    C\/2025 R2 (Swan) le 20\u00a0octobre 2025 \u00e0 20\u2009h. En rouge, les points cardinaux.. (\u00a9Capture d\u2019\u00e9cran application Stellarium)<\/p>\n<p class=\" wall-content\">Pour la voir, il faut pointer ses yeux vers l\u2019horizon sud. Le Soleil se couchera sur les coups de 19\u2009h, et quand il fera vraiment nuit, vers 20\u2009h. Elle sera vraiment orient\u00e9e au sud, pas tr\u00e8s loin de l\u2019horizon, avant de glisser vers l\u2019ouest.<\/p>\n<p class=\" wall-content\">Impossible de la voir en journ\u00e9e, mais la nuit, avec une petite paire de jumelles, il sera tout \u00e0 fait possible de la voir, elle et <strong>sa queue bleut\u00e9e<\/strong>.<\/p>\n<p>Votre r\u00e9gion, votre actu !<\/p>\n<p>Recevez chaque jour les infos qui comptent pour vous.<\/p>\n<p>\t<a href=\"https:\/\/actu.fr\/newsletter\" class=\"ac-btn ac-btn--corner ac-btn--medium ac-btn--blue800\" target=\"_blank\" rel=\"noopener\">S&rsquo;incrire<\/a><br \/>\nO\u00f9, quand et comment bien voir la com\u00e8te Lemmon\u2009?<\/p>\n<p class=\" wall-content\">Quant \u00e0 <strong>C\/2025 A6<\/strong>, surnomm\u00e9e <strong>Lemmon<\/strong>, la nuit du 20 au 21 n\u2019est pas le meilleur moment, mais reste tout de m\u00eame une fen\u00eatre ad\u00e9quate. Pour rester sur la m\u00eame tranche horaire,<strong> 20\u2009h dans la nuit de dimanche \u00e0 lundi<\/strong>, il faudra poser ses yeux, cette fois vers l\u2019ouest-nord-ouest.<\/p>\n<p class=\" wall-content\">Pour la rep\u00e9rer, vous pouvez vous aider de l\u2019\u00e9toile Arcturus, un gros point rouge inratable dans le flot de points blancs du ciel nocturne. Lemmon est juste \u00e0 sa droite. La com\u00e8te se dirigera ensuite vers le nord, o\u00f9 elle dispara\u00eetra sous l\u2019horizon sur les coups de 23\u2009h, avant de r\u00e9appara\u00eetre aux environs de 6\u2009h du matin.<\/p>\n<p>    <img   decoding=\"async\" loading=\"lazy\" src=\"https:\/\/www.europesays.com\/fr\/wp-content\/uploads\/2025\/10\/lemmon-stellarium-960x590.jpg\" alt=\"C\/2025 A6 (Lemmon), le 20 octobre 2025 \u00e0 20 h.\" width=\"960\" height=\"590\"\/><br \/>\n    C\/2025 A6 (Lemmon), le 20\u00a0octobre 2025 \u00e0 20\u2009h. En rouge, les points cardinaux. (\u00a9Capture d\u2019\u00e9cran application Stellarium)<\/p>\n<p class=\" wall-content\">Petit bonus, par rapport \u00e0 Swan\u2009: Lemmon atteint \u00ab\u2009une magnitude de 4,8 \u00e0 3,8\u2009\u00bb, selon <a href=\"https:\/\/starwalk.space\/fr\/news\/c2025-a6-lemmon-next-comet-visible-from-earth-2025#meilleur-moment-pour-observer-la-com%C3%A8te-c2025-a6-lemmon-en-france\" target=\"_blank\" rel=\"noopener\">le site sp\u00e9cialis\u00e9 StarWalk<\/a>. Ce qui signifie que sous un ciel d\u00e9nu\u00e9 de pollution lumineuse, il pourrait ne pas y avoir besoin d\u2019instruments pour la d\u00e9celer. Une paire de jumelles peut toutefois \u00eatre un gros avantage pour \u00eatre s\u00fbr de bien la distinguer. Petit malus, par rapport \u00e0 Swan\u2009: \u00ab\u2009sa queue reste discr\u00e8te\u2009\u00bb, regrette Nicolas Biver.<\/p>\n<p class=\" wall-content\">Une bonne raison, donc, de leur donner une chance chacune.<\/p>\n<p>Des \u00e9toiles filantes en prime\u2009: timing parfait<\/p>\n<p class=\" wall-content\">L\u2019autre spectacle c\u00e9leste \u00e0 voir ce lundi soir, c\u2019est la pluie d\u2019\u00e9toiles filantes des Orionides. Visibles depuis plusieurs jours, et pour encore quelques jours, ces petites poussi\u00e8res en provenance de la fameuse com\u00e8te de Halley, qui s\u2019embrasent en entrant dans notre atmosph\u00e8re, pourraient offrir<strong> un tableau presque onirique<\/strong> \u00e0 cette froide nuit d\u2019octobre.<\/p>\n<p class=\" wall-content\">Pour les voir, il faudra toutefois \u00eatre patient, car c\u2019est au milieu de la nuit,<strong> \u00e0 partir de 2 ou 3\u2009h<\/strong>, qu\u2019elles pourraient \u00eatre nombreuses. Sur son <a href=\"https:\/\/www.cite-espace.com\/actualites-spatiales\/la-pluie-de-meteores-des-orionides\/\" target=\"_blank\" rel=\"noopener\">site internet, la Cit\u00e9 de l\u2019espace<\/a> de Toulouse, r\u00e9f\u00e9rence en la mati\u00e8re, table sur \u00ab<strong>\u200920 \u00e0 30 \u00e9toiles filantes par heure<\/strong>, soit un m\u00e9t\u00e9ore toutes les trois minutes\u2009\u00bb.<\/p>\n<p class=\" wall-content\">On peut aussi, malheureusement, y lire que ce chiffre est valable sous un ciel d\u00e9pourvu de toute pollution (lumineuse et atmosph\u00e9rique). Aussi, il ne faut pas s\u2019attendre \u00e0 voir un bolide scinder le ciel en deux toutes les trois minutes.<\/p>\n<p class=\" wall-content\">Pour autant, est-ce que cela veut dire qu\u2019il n\u2019y en aura aucune\u2009? Absolument pas. D\u2019autant plus que le 21\u00a0octobre marque aussi la nouvelle Lune<strong>. Le ciel nocturne sera donc id\u00e9al pour l\u2019observation<\/strong>, car vid\u00e9 de la luminosit\u00e9 que repr\u00e9sente notre satellite.<\/p>\n<p>Vers o\u00f9 faut-il regarder\u2009? Partout\u2009!<\/p>\n<p class=\" wall-content\">Et attention\u2009: le radiant, l\u2019endroit dont elles semblent venir, est situ\u00e9 au sud-sud-est dans la constellation d\u2019Orion, qui a donn\u00e9 son nom \u00e0 l\u2019\u00e9v\u00e9nement, (comme pour toutes les pluies d\u2019\u00e9toiles filantes annuelles, d\u2019ailleurs).<\/p>\n<p class=\" wall-content\">Mais il faut observer toute la vo\u00fbte c\u00e9leste, car des m\u00e9t\u00e9ores comme ceux-ci peuvent \u00eatre visibles partout.<\/p>\n<blockquote class=\"ac-article-quote wall-content\">\n<p>C&rsquo;est mieux de regarder 45 \u00e0 90 degr\u00e9s plus loin que le radiant. Si vous regardez directement vers lui, les m\u00e9t\u00e9ores vous sembleront plus courts : c\u2019est un effet de perspective appel\u00e9 \u00ab\u00a0raccourcissement apparent\u00a0\u00bb.<\/p>\n<p>    <strong>La Nasa<\/strong><br \/>\n        <a href=\"https:\/\/science.nasa.gov\/solar-system\/meteors-meteorites\/orionids\/\" target=\"_blank\" rel=\"noopener\">Sur son site internet<\/a>    <\/p><\/blockquote>\n<p class=\" wall-content\">Comme pour chaque \u00e9v\u00e9nement astronomique, on vous donne les m\u00eames conseils\u2009: soyez patient, et n\u2019h\u00e9sitez pas \u00e0 venir \u00e9quip\u00e9 d\u2019une paire de jumelles, mais aussi et surtout d\u2019un plaid et d\u2019un bon manteau. Les <a href=\"https:\/\/actu.fr\/meteo\/du-vent-et-des-orages-violents-en-france-une-trentaine-de-departements-en-vigilance-ce-lundi-les-previsions_63321099.html\" target=\"_blank\" rel=\"noopener\">nuits peuvent \u00eatre fra\u00eeches<\/a> en cette fin octobre\u00a02025.<\/p>\n<p class=\" wall-content\">Personnalisez votre actualit\u00e9 en ajoutant vos villes et m\u00e9dias en favori avec <a href=\"https:\/\/moncompte.actu.fr\" title=\"D\u00e9couvez Mon Actu\" rel=\"nofollow noopener\" data-trk=\"{&quot;cta&quot;:{&quot;action&quot;:&quot;https:\\\/\\\/moncompte.actu.fr&quot;,&quot;category&quot;:&quot;mon compte&quot;,&quot;from&quot;:&quot;article footer&quot;,&quot;name&quot;:&quot;Mon actu&quot;,&quot;type&quot;:&quot;cta&quot;}}\" target=\"_blank\">Mon Actu<\/a>.<\/p>\n","protected":false},"excerpt":{"rendered":"Par Martin Leduc Publi\u00e9 le 19 oct. 2025 \u00e0 20h46 Cela faisait quelque temps qu\u2019actu.fr s\u2019en faisait l\u2019\u00e9cho&hellip;\n","protected":false},"author":2,"featured_media":475966,"comment_status":"","ping_status":"","sticky":false,"template":"","format":"standard","meta":{"footnotes":""},"categories":[7],"tags":[48,386,1011,27,333,43,40,41,39,2631,42,44],"class_list":{"0":"post-475965","1":"post","2":"type-post","3":"status-publish","4":"format-standard","5":"has-post-thumbnail","7":"category-sciences-et-technologies","8":"tag-astronomie","9":"tag-espace","10":"tag-fr","11":"tag-france","12":"tag-nasa","13":"tag-science","14":"tag-science-and-technology","15":"tag-sciences","16":"tag-sciences-et-technologies","17":"tag-sciences-technologie","18":"tag-technologies","19":"tag-technology"},"share_on_mastodon":{"url":"https:\/\/pubeurope.com\/@fr\/115403882998818894","error":""},"_links":{"self":[{"href":"https:\/\/www.europesays.com\/fr\/wp-json\/wp\/v2\/posts\/475965","targetHints":{"allow":["GET"]}}],"collection":[{"href":"https:\/\/www.europesays.com\/fr\/wp-json\/wp\/v2\/posts"}],"about":[{"href":"https:\/\/www.europesays.com\/fr\/wp-json\/wp\/v2\/types\/post"}],"author":[{"embeddable":true,"href":"https:\/\/www.europesays.com\/fr\/wp-json\/wp\/v2\/users\/2"}],"replies":[{"embeddable":true,"href":"https:\/\/www.europesays.com\/fr\/wp-json\/wp\/v2\/comments?post=475965"}],"version-history":[{"count":0,"href":"https:\/\/www.europesays.com\/fr\/wp-json\/wp\/v2\/posts\/475965\/revisions"}],"wp:featuredmedia":[{"embeddable":true,"href":"https:\/\/www.europesays.com\/fr\/wp-json\/wp\/v2\/media\/475966"}],"wp:attachment":[{"href":"https:\/\/www.europesays.com\/fr\/wp-json\/wp\/v2\/media?parent=475965"}],"wp:term":[{"taxonomy":"category","embeddable":true,"href":"https:\/\/www.europesays.com\/fr\/wp-json\/wp\/v2\/categories?post=475965"},{"taxonomy":"post_tag","embeddable":true,"href":"https:\/\/www.europesays.com\/fr\/wp-json\/wp\/v2\/tags?post=475965"}],"curies":[{"name":"wp","href":"https:\/\/api.w.org\/{rel}","templated":true}]}}