{"id":475967,"date":"2025-10-20T01:24:15","date_gmt":"2025-10-20T01:24:15","guid":{"rendered":"https:\/\/www.europesays.com\/fr\/475967\/"},"modified":"2025-10-20T01:24:15","modified_gmt":"2025-10-20T01:24:15","slug":"heures-creuses-modifiees-ce-qui-change-pour-les-particuliers","status":"publish","type":"post","link":"https:\/\/www.europesays.com\/fr\/475967\/","title":{"rendered":"Heures creuses modifi\u00e9es\u00a0: ce qui change pour les particuliers"},"content":{"rendered":"<p><a href=\"https:\/\/www.letelegramme.fr\/economie\/heures-creuses-heures-pleines-ce-qui-change-a-partir-du-1er-novembre-6910871.php\" title=\"www.letelegramme.fr\" target=\"_blank\" rel=\"noopener\"><a href=\"https:\/\/www.letelegramme.fr\/economie\/heures-creuses-heures-pleines-ce-qui-change-a-partir-du-1er-novembre-6910871.php\" title=\"www.letelegramme.fr\" target=\"_blank\" rel=\"noopener\"><a href=\"https:\/\/www.letelegramme.fr\/economie\/heures-creuses-heures-pleines-ce-qui-change-a-partir-du-1er-novembre-6910871.php\" title=\"www.letelegramme.fr\" target=\"_blank\" rel=\"noopener\">Les raisons derri\u00e8re cette r\u00e9forme\u00a0<\/a>? Se caler sur les moments o\u00f9 l\u2019\u00e9nergie solaire est abondante, donc moins ch\u00e8re, inciter les clients \u00e0 consommer pendant ces pics de production et s\u2019adapter aux nouvelles habitudes des foyers\u00a0: t\u00e9l\u00e9travail, programmation possible des appareils \u00e9lectrom\u00e9nagers, recharge de voitures \u00e9lectriques, etc. Les heures pr\u00e9cises pourront \u00eatre diff\u00e9rentes d\u2019un b\u00e2timent, voire d\u2019un appartement \u00e0 l\u2019autre.<\/p>\n<p><img decoding=\"async\" src=\"https:\/\/www.europesays.com\/fr\/wp-content\/uploads\/2025\/10\/68f52e923e32e05a05050e52.1.jpeg\" width=\"480\" height=\"300\" class=\"web_golden_m\" loading=\"lazy\" alt=\"Heures creuses modifi\u00e9es\u00a0: ce qui change pour les particuliers\"\/>2 Qui est concern\u00e9 par cette r\u00e9forme\u00a0?<\/p>\n<p>Onze millions de foyers \u00e9quip\u00e9s d\u2019un compteur Linky et ayant souscrit \u00e0 l\u2019option tarifaire heures pleines\/heures creuses (HP\/HC), hors <a href=\"https:\/\/particulier.edf.fr\/fr\/accueil\/gestion-contrat\/options\/tempo\/details.html\" title=\"particulier.edf.fr\" target=\"_blank\" rel=\"noopener\">option Tempo<\/a>, seront progressivement concern\u00e9s. Une premi\u00e8re phase, entre novembre et juin 2026, s\u2019appliquera \u00e0 1,7 million de clients d\u00e9j\u00e0 abonn\u00e9s \u00e0 des heures creuses en journ\u00e9e qui se verront attribuer des nouveaux cr\u00e9neaux, identiques en \u00e9t\u00e9 comme en hiver. De d\u00e9cembre 2026 \u00e0 octobre 2027, ce sera au tour des 9,3 millions de clients restants, avec cette fois, des heures creuses diff\u00e9rentes selon les saisons.<\/p>\n<p>3 Quelles cons\u00e9quences sur les factures\u00a0?<\/p>\n<p>\u00ab\u00a0C\u2019est une opportunit\u00e9 pour les clients d\u2019\u00eatre \u00e0 la fois acteurs de la transition \u00e9nerg\u00e9tique [\u2026] et de b\u00e9n\u00e9ficier de prix plus avantageux\u00a0\u00bb, explique le directeur du programme flexibilit\u00e9s d\u2019Enedis, Timoth\u00e9e Furois. Mais \u00ab\u00a0les heures creuses sont int\u00e9ressantes si vous parvenez \u00e0 d\u00e9placer au moins 30 \u00e0 40\u00a0% de votre consommation sur ces plages horaires\u00a0\u00bb, remarque Lancelot Doutil, directeur d\u2019Octopus Energy, <a href=\"https:\/\/rmc.bfmtv.com\/actualites\/economie\/l-electricite-coutera-moins-cher-cet-hiver-mais-votre-facture-va-t-elle-vraiment-baisser_AV-202510170450.html\" target=\"_blank\" rel=\"noopener\">interrog\u00e9 par RMC<\/a>. Il est ainsi conseill\u00e9 d\u2019identifier les nouveaux cr\u00e9neaux horaires qui seront indiqu\u00e9s sur la facture d\u2019\u00e9lectricit\u00e9 ou sur l\u2019espace client du fournisseur d\u2019\u00e9lectricit\u00e9, de conna\u00eetre les \u00e9quipements \u00e9nergivores (le chauffe-eau, le lave-linge, le lave-vaisselle, la machine \u00e0 laver, le four, la voiture \u00e9lectrique ou encore la climatisation, en \u00e9t\u00e9) et de planifier leurs usages ou chargements pendant ces heures creuses. Soit directement sur l\u2019appareil ou en programmant des prises.<\/p>\n","protected":false},"excerpt":{"rendered":"Les raisons derri\u00e8re cette r\u00e9forme\u00a0? Se caler sur les moments o\u00f9 l\u2019\u00e9nergie solaire est abondante, donc moins ch\u00e8re,&hellip;\n","protected":false},"author":2,"featured_media":475968,"comment_status":"","ping_status":"","sticky":false,"template":"","format":"standard","meta":{"footnotes":""},"categories":[6],"tags":[11,35,33,34,579,765,893,1011,27],"class_list":{"0":"post-475967","1":"post","2":"type-post","3":"status-publish","4":"format-standard","5":"has-post-thumbnail","7":"category-economie","8":"tag-actualites","9":"tag-business","10":"tag-economie","11":"tag-economy","12":"tag-electricite","13":"tag-en-continu","14":"tag-energie","15":"tag-fr","16":"tag-france"},"share_on_mastodon":{"url":"https:\/\/pubeurope.com\/@fr\/115403887291165362","error":""},"_links":{"self":[{"href":"https:\/\/www.europesays.com\/fr\/wp-json\/wp\/v2\/posts\/475967","targetHints":{"allow":["GET"]}}],"collection":[{"href":"https:\/\/www.europesays.com\/fr\/wp-json\/wp\/v2\/posts"}],"about":[{"href":"https:\/\/www.europesays.com\/fr\/wp-json\/wp\/v2\/types\/post"}],"author":[{"embeddable":true,"href":"https:\/\/www.europesays.com\/fr\/wp-json\/wp\/v2\/users\/2"}],"replies":[{"embeddable":true,"href":"https:\/\/www.europesays.com\/fr\/wp-json\/wp\/v2\/comments?post=475967"}],"version-history":[{"count":0,"href":"https:\/\/www.europesays.com\/fr\/wp-json\/wp\/v2\/posts\/475967\/revisions"}],"wp:featuredmedia":[{"embeddable":true,"href":"https:\/\/www.europesays.com\/fr\/wp-json\/wp\/v2\/media\/475968"}],"wp:attachment":[{"href":"https:\/\/www.europesays.com\/fr\/wp-json\/wp\/v2\/media?parent=475967"}],"wp:term":[{"taxonomy":"category","embeddable":true,"href":"https:\/\/www.europesays.com\/fr\/wp-json\/wp\/v2\/categories?post=475967"},{"taxonomy":"post_tag","embeddable":true,"href":"https:\/\/www.europesays.com\/fr\/wp-json\/wp\/v2\/tags?post=475967"}],"curies":[{"name":"wp","href":"https:\/\/api.w.org\/{rel}","templated":true}]}}