{"id":475991,"date":"2025-10-20T01:44:12","date_gmt":"2025-10-20T01:44:12","guid":{"rendered":"https:\/\/www.europesays.com\/fr\/475991\/"},"modified":"2025-10-20T01:44:12","modified_gmt":"2025-10-20T01:44:12","slug":"previsions-du-lundi-20-octobre-2025-15","status":"publish","type":"post","link":"https:\/\/www.europesays.com\/fr\/475991\/","title":{"rendered":"pr\u00e9visions du lundi 20 octobre 2025"},"content":{"rendered":"<p class=\"mb-4 text-lg md:leading-8 break-words\"><strong>M\u00e9t\u00e9o &#8211; La journ\u00e9e se passera sous un ciel mitig\u00e9, rythm\u00e9e par de petites averses. Les temp\u00e9ratures seront de 15\u00b0C la matin\u00e9e et de 16\u00b0C l&rsquo;apr\u00e8s-midi&#8230;<\/strong><\/p>\n<p class=\"mb-4 text-lg md:leading-8 break-words\">Aujourd&rsquo;hui, Rennes sera travers\u00e9e par de l\u00e9g\u00e8res averses. Les temp\u00e9ratures tourneront autour des 15\u00b0C. Un vent de sud-ouest est pr\u00e9vu : il soufflera \u00e0 29 km\/h. Les valeurs s&rsquo;\u00e9chelonneront entre 13 et 16\u00b0C durant la matin\u00e9e. Les maximales atteindront les 17\u00b0C dans l&rsquo;apr\u00e8s-midi tandis que les minimales seront de 14\u00b0C. De l\u00e9gers nuages \u00e0 pr\u00e9voir le soir, et un ciel encore maussade. Le mercure affichera 13\u00b0C en moyenne. On s&rsquo;attend \u00e0 une nuit claire entre lundi et mardi.<\/p>\n<p class=\"mb-4 text-lg md:leading-8 break-words\">On notera la pr\u00e9sence persistante de nuages demain \u00e0 Rennes. Il fera 15\u00b0C en moyenne. Un vent de sud-ouest rafra\u00eechira l\u00e9g\u00e8rement l&rsquo;atmosph\u00e8re. Il se peut qu&rsquo;il y ait de petites averses le matin. Les temp\u00e9ratures seront de 13\u00b0C au plus bas et de 15\u00b0C au maximum. Demain apr\u00e8s-midi, le soleil sera cach\u00e9 derri\u00e8re des nuages. Des pluies \u00e9parses vont tomber. Les valeurs seront comprises entre 15 et 18\u00b0C. Demain soir, on pr\u00e9voit des temp\u00e9ratures avoisinant 12\u00b0C.<\/p>\n<p class=\"mb-4 text-lg md:leading-8 break-words\">Pour la suite, le temps ne changera pas. Une m\u00e9t\u00e9o pluvieuse, pour des temp\u00e9ratures de 14\u00b0C en moyenne, est attendue.<\/p>\n<p class=\"mb-4 text-lg md:leading-8 break-words\"><a href=\"https:\/\/www.20minutes.fr\/planete\/previsions-meteo\/4180230-20251020-meteo-rennes-previsions-lundi-20-octobre-2025?at_medium=RSS%20feed&amp;at_campaign=ynews&amp;utm_source=yahoo&amp;utm_medium=rss&amp;utm_campaign=news_feed&amp;utm_content=read_more_link&quot;\" rel=\"nofollow noopener\" target=\"_blank\" data-ylk=\"slk:Lire la suite sur 20minutes;elm:context_link;itc:0;sec:content-canvas\" class=\"link \">Lire la suite sur 20minutes<\/a><\/p>\n","protected":false},"excerpt":{"rendered":"M\u00e9t\u00e9o &#8211; La journ\u00e9e se passera sous un ciel mitig\u00e9, rythm\u00e9e par de petites averses. Les temp\u00e9ratures seront&hellip;\n","protected":false},"author":2,"featured_media":475992,"comment_status":"","ping_status":"","sticky":false,"template":"","format":"standard","meta":{"footnotes":""},"categories":[2821],"tags":[1111,11,829,1777,674,1011,27,51394,2487,12,584,25],"class_list":{"0":"post-475991","1":"post","2":"type-post","3":"status-publish","4":"format-standard","5":"has-post-thumbnail","7":"category-rennes","8":"tag-actu","9":"tag-actualites","10":"tag-bretagne","11":"tag-eu","12":"tag-europe","13":"tag-fr","14":"tag-france","15":"tag-la-matinee","16":"tag-meteo","17":"tag-news","18":"tag-rennes","19":"tag-republique-francaise"},"share_on_mastodon":{"url":"https:\/\/pubeurope.com\/@fr\/115403965890623642","error":""},"_links":{"self":[{"href":"https:\/\/www.europesays.com\/fr\/wp-json\/wp\/v2\/posts\/475991","targetHints":{"allow":["GET"]}}],"collection":[{"href":"https:\/\/www.europesays.com\/fr\/wp-json\/wp\/v2\/posts"}],"about":[{"href":"https:\/\/www.europesays.com\/fr\/wp-json\/wp\/v2\/types\/post"}],"author":[{"embeddable":true,"href":"https:\/\/www.europesays.com\/fr\/wp-json\/wp\/v2\/users\/2"}],"replies":[{"embeddable":true,"href":"https:\/\/www.europesays.com\/fr\/wp-json\/wp\/v2\/comments?post=475991"}],"version-history":[{"count":0,"href":"https:\/\/www.europesays.com\/fr\/wp-json\/wp\/v2\/posts\/475991\/revisions"}],"wp:featuredmedia":[{"embeddable":true,"href":"https:\/\/www.europesays.com\/fr\/wp-json\/wp\/v2\/media\/475992"}],"wp:attachment":[{"href":"https:\/\/www.europesays.com\/fr\/wp-json\/wp\/v2\/media?parent=475991"}],"wp:term":[{"taxonomy":"category","embeddable":true,"href":"https:\/\/www.europesays.com\/fr\/wp-json\/wp\/v2\/categories?post=475991"},{"taxonomy":"post_tag","embeddable":true,"href":"https:\/\/www.europesays.com\/fr\/wp-json\/wp\/v2\/tags?post=475991"}],"curies":[{"name":"wp","href":"https:\/\/api.w.org\/{rel}","templated":true}]}}