{"id":476012,"date":"2025-10-20T01:59:16","date_gmt":"2025-10-20T01:59:16","guid":{"rendered":"https:\/\/www.europesays.com\/fr\/476012\/"},"modified":"2025-10-20T01:59:16","modified_gmt":"2025-10-20T01:59:16","slug":"un-bureau-de-tabac-victime-dun-braquage-plusieurs-milliers-deuros-voles","status":"publish","type":"post","link":"https:\/\/www.europesays.com\/fr\/476012\/","title":{"rendered":"un bureau de tabac victime d&rsquo;un braquage, plusieurs milliers d&rsquo;euros vol\u00e9s"},"content":{"rendered":"<p itemprop=\"description\"><strong>Ce samedi soir, aux alentours de 21h, deux individus ont fait irruption dans le bureau de tabac du 83 boulevard des Etats-Unis \u00e0 Lyon.<\/strong><\/p>\n<p>Arm\u00e9s de bombes lacrymog\u00e8nes, ils ont menac\u00e9 le g\u00e9rant puis ont fait main basse sur le contenu de la caisse et quelques paquets de cigarettes. Un butin assez cons\u00e9quent, puisqu&rsquo;apr\u00e8s une journ\u00e9e compl\u00e8te de labeur, il y avait plusieurs milliers d&rsquo;euros qui dormaient dans la caisse de l&rsquo;enseigne du 8e arrondissement.<\/p>\n<p>Visiblement bien renseign\u00e9s, les deux braqueurs ont pris la fuite en utilisant la porte de service \u00e0 l&rsquo;arri\u00e8re. Ce qui leur a permis de passer plut\u00f4t inaper\u00e7us alors que le tabac a pignon sur rue, donnant sur l&rsquo;avenue tr\u00e8s passante.<\/p>\n<p>Une enqu\u00eate a \u00e9t\u00e9 ouverte pour tenter de retrouver le duo.<\/p>\n","protected":false},"excerpt":{"rendered":"Ce samedi soir, aux alentours de 21h, deux individus ont fait irruption dans le bureau de tabac du&hellip;\n","protected":false},"author":2,"featured_media":476013,"comment_status":"","ping_status":"","sticky":false,"template":"","format":"standard","meta":{"footnotes":""},"categories":[1889],"tags":[1111,11,2813,2190,2430,1109,251,1112,2811,1777,674,118,1011,27,1922,1110,1114,2428,2810,12,241,316,25,2812,517,800],"class_list":{"0":"post-476012","1":"post","2":"type-post","3":"status-publish","4":"format-standard","5":"has-post-thumbnail","7":"category-lyon","8":"tag-actu","9":"tag-actualites","10":"tag-article","11":"tag-asvel","12":"tag-auvergne-rhone-alpes","13":"tag-breves","14":"tag-culture","15":"tag-depeches","16":"tag-economique","17":"tag-eu","18":"tag-europe","19":"tag-faits-divers","20":"tag-fr","21":"tag-france","22":"tag-info","23":"tag-informations","24":"tag-infos","25":"tag-lyon","26":"tag-lyonmag","27":"tag-news","28":"tag-ol","29":"tag-politique","30":"tag-republique-francaise","31":"tag-sociale","32":"tag-sport","33":"tag-transports"},"share_on_mastodon":{"url":"https:\/\/pubeurope.com\/@fr\/115404024856911391","error":""},"_links":{"self":[{"href":"https:\/\/www.europesays.com\/fr\/wp-json\/wp\/v2\/posts\/476012","targetHints":{"allow":["GET"]}}],"collection":[{"href":"https:\/\/www.europesays.com\/fr\/wp-json\/wp\/v2\/posts"}],"about":[{"href":"https:\/\/www.europesays.com\/fr\/wp-json\/wp\/v2\/types\/post"}],"author":[{"embeddable":true,"href":"https:\/\/www.europesays.com\/fr\/wp-json\/wp\/v2\/users\/2"}],"replies":[{"embeddable":true,"href":"https:\/\/www.europesays.com\/fr\/wp-json\/wp\/v2\/comments?post=476012"}],"version-history":[{"count":0,"href":"https:\/\/www.europesays.com\/fr\/wp-json\/wp\/v2\/posts\/476012\/revisions"}],"wp:featuredmedia":[{"embeddable":true,"href":"https:\/\/www.europesays.com\/fr\/wp-json\/wp\/v2\/media\/476013"}],"wp:attachment":[{"href":"https:\/\/www.europesays.com\/fr\/wp-json\/wp\/v2\/media?parent=476012"}],"wp:term":[{"taxonomy":"category","embeddable":true,"href":"https:\/\/www.europesays.com\/fr\/wp-json\/wp\/v2\/categories?post=476012"},{"taxonomy":"post_tag","embeddable":true,"href":"https:\/\/www.europesays.com\/fr\/wp-json\/wp\/v2\/tags?post=476012"}],"curies":[{"name":"wp","href":"https:\/\/api.w.org\/{rel}","templated":true}]}}