{"id":476018,"date":"2025-10-20T02:04:18","date_gmt":"2025-10-20T02:04:18","guid":{"rendered":"https:\/\/www.europesays.com\/fr\/476018\/"},"modified":"2025-10-20T02:04:18","modified_gmt":"2025-10-20T02:04:18","slug":"jaime-la-ville-pour-ca","status":"publish","type":"post","link":"https:\/\/www.europesays.com\/fr\/476018\/","title":{"rendered":"J\u2019aime la ville pour \u00e7a"},"content":{"rendered":"<p class=\"mb-4 text-lg md:leading-8 break-words\">Actrice dans \u00ab\u00a0Ast\u00e9rix et Ob\u00e9lix au service de sa majest\u00e9\u00a0\u00bb diffus\u00e9 ce dimanche 19 octobre 2025 sur France 2, Val\u00e9rie Lemercier s\u2019est livr\u00e9e avec sinc\u00e9rit\u00e9 dans \u00ab\u00a0Les Rencontres du Papotin\u00a0\u00bb il y a quelques semaines. De son enfance dans un village o\u00f9 tout se savait \u00e0 sa vie parisienne pleine d\u2019anonymat, l\u2019actrice \u00e9voque ses lieux-refuges, ses blessures pass\u00e9es et son go\u00fbt farouche pour la libert\u00e9.<\/p>\n<p class=\"mb-4 text-lg md:leading-8 break-words\">Invit\u00e9e dans l\u2019\u00e9mission Les Rencontres du Papotin le mois dernier, <a href=\"https:\/\/www.purepeople.com\/people\/valerie-lemercier_p62\" rel=\"nofollow noopener\" target=\"_blank\" data-ylk=\"slk:Val\u00e9rie Lemercier;elm:context_link;itc:0;sec:content-canvas\" class=\"link \">Val\u00e9rie Lemercier<\/a> s\u2019est laiss\u00e9e aller \u00e0 une rare confidence sur son pass\u00e9. Si elle est aujourd\u2019hui une Parisienne affirm\u00e9e, elle a grandi dans un minuscule village de campagne, bien loin de l\u2019agitation de la capitale. Une r\u00e9v\u00e9lation touchante de la part de l\u2019actrice, aujourd\u2019hui \u00e2g\u00e9e de 61 ans, <a href=\"https:\/\/fr.news.yahoo.com\/37-ans-val%C3%A9rie-lemercier-%C3%A9voque-131900394.html\" data-ylk=\"slk:en couple avec un homme de 37 ans;elm:context_link;itc:0;sec:content-canvas;outcm:mb_qualified_link;_E:mb_qualified_link;ct:story;\" class=\"link  yahoo-link\" target=\"_blank\" rel=\"noopener\">en couple avec un homme de 37 ans<\/a>. Au cours de l\u2019entretien, Rapha\u00ebl, un jeune homme endossant pour l\u2019occasion le r\u00f4le de journaliste, lui demandait : \u00ab\u00a0Est-ce que vous vous sentiez plus libre \u00e0 Paris que lorsque vous viviez \u00e0 la campagne ?\u00a0\u00bb.<\/p>\n<p class=\"mb-4 text-lg md:leading-8 break-words\">Ce \u00e0 quoi elle a r\u00e9pondu sans d\u00e9tour : \u00ab\u00a0<strong>Plus libre \u00e0 Paris ? Oui. Tu sais pourquoi ? Parce que dans mon village, on \u00e9tait tr\u00e8s peu nombreux. Tout le monde se connaissait, tout le monde commentait : \u201cLui fait ceci, elle fait cela&#8230;\u201d \u00c0 Paris, au contraire, il y a tellement de monde que personne ne se soucie vraiment de la mani\u00e8re dont vous vous habillez ou de ce que vous faites. Il y a quelque chose d\u2019anonyme que j\u2019appr\u00e9cie beaucoup. J\u2019aime la ville pour \u00e7a.\u00a0\u00bb <\/strong>Val\u00e9rie Lemercier a grandi \u00e0 Gonzeville, en Seine-Maritime&#8230;<\/p>\n<p class=\"mb-4 text-lg md:leading-8 break-words\">\u00c0 Paris, celle qui incarna l\u2019inoubliable Fr\u00e9n\u00e9gonde de Pouille dans <a href=\"https:\/\/www.purepeople.com\/article\/les-visiteurs-3-un-premier-teaser-a-decouvrir-et-une-belle-reference-en-bonus_a172441\/1\" rel=\"nofollow noopener\" target=\"_blank\" data-ylk=\"slk:Les Visiteurs;elm:context_link;itc:0;sec:content-canvas\" class=\"link \">Les Visiteurs <\/a>poss\u00e8de un atelier d\u2019artiste, un lieu propice \u00e0 l\u2019\u00e9criture, ainsi qu\u2019une maison en province, au bord de la mer. \u00ab\u00a0Il y a surtout ma maison en bord de mer, confiait-elle \u00e0 nos confr\u00e8res de Point de Vue. Il m\u2019arrive m\u00eame de ne pas aller voir la mer ! Car j\u2019aime \u00eatre enferm\u00e9e dans un endroit et ne pas en sortir\u00a0\u00bb. Un refuge loin de tout, o\u00f9 elle se sent libre. \u00ab\u00a0L\u00e0-bas, je fais ce que je veux, \u00e0 n\u2019importe quelle heure. Je peux rester en pyjama jusqu\u2019\u00e0 huit heures du soir, ou coudre des nappes et des v\u00eatements jusqu\u2019\u00e0 trois heures du matin.\u00a0\u00bb<\/p>\n<p class=\"mb-4 text-lg md:leading-8 break-words\">Val\u00e9rie Lemercier : un drame dans son appartement parisien<\/p>\n<p class=\"mb-4 text-lg md:leading-8 break-words\">Actuellement de retour sur sc\u00e8ne avec son nouveau one woman show <a href=\"https:\/\/billetterie.theatremarigny.fr\/fr\/manifestation\/451\/valerie_lemercier\" rel=\"nofollow noopener\" target=\"_blank\" data-ylk=\"slk:La classe et la grosse connerie. Les deux !;elm:context_link;itc:0;sec:content-canvas\" class=\"link \">La classe et la grosse connerie. Les deux !<\/a>, Val\u00e9rie Lemercier \u00e9voquait aussi, avec pudeur, un drame qui a marqu\u00e9 son pass\u00e9. Dans le podcast Le Go\u00fbt de M, elle r\u00e9v\u00e8le <a href=\"https:\/\/fr.news.yahoo.com\/val%C3%A9rie-lemercier-perdu-appartement-br%C3%BBl%C3%A9-165500594.html\" data-ylk=\"slk:avoir tout perdu dans l\u2019incendie de son appartement parisien;elm:context_link;itc:0;sec:content-canvas;outcm:mb_qualified_link;_E:mb_qualified_link;ct:story;\" class=\"link  yahoo-link\" target=\"_blank\" rel=\"noopener\">avoir tout perdu dans l\u2019incendie de son appartement parisien<\/a>, un \u00e9v\u00e9nement traumatisant dont elle a mis longtemps \u00e0 se remettre : \u00ab\u00a0J\u2019ai tout perdu. Ce que je regrette le plus, c\u2019est une jupe ancienne Pierre Cardin, dont le bas \u00e9tait en python, et une veste en daim. Mais ce qui m\u2019attriste encore davantage, c\u2019est la perte du manuscrit original de Quadrille, de Sacha Guitry. C\u2019\u00e9tait un mois avant un spectacle que je devais jouer aux Folies Berg\u00e8res. On m\u2019a pr\u00eat\u00e9 un appartement pour que je puisse travailler. Ce n\u2019est qu\u2019apr\u00e8s six mois de repr\u00e9sentations que j\u2019ai commenc\u00e9 \u00e0 r\u00eaver que je br\u00fblais, que j\u2019\u00e9tais en flammes&#8230;\u00a0\u00bb<\/p>\n<p class=\"mb-4 text-lg md:leading-8 break-words\">Aujourd\u2019hui, elle a retrouv\u00e9 un havre de paix, non loin du Palais-Royal. \u00ab\u00a0Cela fait si longtemps que j\u2019y vis&#8230; J\u2019ai fini par y d\u00e9teindre\u00a0\u00bb, glisse-t-elle avec cette pointe d\u2019autod\u00e9rision qui fait sa signature. Entre l\u2019anonymat lib\u00e9rateur de la ville et le silence apaisant de sa maison en bord de mer, Val\u00e9rie Lemercier a d\u00e9sormais trouv\u00e9 la s\u00e9r\u00e9nit\u00e9 et le vrai bonheur.<\/p>\n<p class=\"mb-4 text-lg md:leading-8 break-words\"><a href=\"https:\/\/www.purepeople.com\/article\/valerie-lemercier-plus-heureuse-a-paris-que-dans-le-petit-village-ou-elle-a-grandi-jaime-la-ville-pour-ca_a543672\/1\" rel=\"nofollow noopener\" target=\"_blank\" data-ylk=\"slk:Article original sur Purepeople;elm:context_link;itc:0;sec:content-canvas\" class=\"link \">Article original sur Purepeople<\/a><\/p>\n","protected":false},"excerpt":{"rendered":"Actrice dans \u00ab\u00a0Ast\u00e9rix et Ob\u00e9lix au service de sa majest\u00e9\u00a0\u00bb diffus\u00e9 ce dimanche 19 octobre 2025 sur France&hellip;\n","protected":false},"author":2,"featured_media":476019,"comment_status":"","ping_status":"","sticky":false,"template":"","format":"standard","meta":{"footnotes":""},"categories":[1888],"tags":[1111,1928,11,1927,11123,59959,1777,674,1011,27,59960,12,1926,626,1925,25,4094],"class_list":{"0":"post-476018","1":"post","2":"type-post","3":"status-publish","4":"format-standard","5":"has-post-thumbnail","7":"category-paris","8":"tag-actu","9":"tag-actu-paris","10":"tag-actualites","11":"tag-actualites-paris","12":"tag-asterix-et-obelix","13":"tag-bord-de-la-mer","14":"tag-eu","15":"tag-europe","16":"tag-fr","17":"tag-france","18":"tag-maison-en-bord-de-mer","19":"tag-news","20":"tag-news-paris","21":"tag-paris","22":"tag-paris-news","23":"tag-republique-francaise","24":"tag-valerie-lemercier"},"share_on_mastodon":{"url":"https:\/\/pubeurope.com\/@fr\/115404043967457253","error":""},"_links":{"self":[{"href":"https:\/\/www.europesays.com\/fr\/wp-json\/wp\/v2\/posts\/476018","targetHints":{"allow":["GET"]}}],"collection":[{"href":"https:\/\/www.europesays.com\/fr\/wp-json\/wp\/v2\/posts"}],"about":[{"href":"https:\/\/www.europesays.com\/fr\/wp-json\/wp\/v2\/types\/post"}],"author":[{"embeddable":true,"href":"https:\/\/www.europesays.com\/fr\/wp-json\/wp\/v2\/users\/2"}],"replies":[{"embeddable":true,"href":"https:\/\/www.europesays.com\/fr\/wp-json\/wp\/v2\/comments?post=476018"}],"version-history":[{"count":0,"href":"https:\/\/www.europesays.com\/fr\/wp-json\/wp\/v2\/posts\/476018\/revisions"}],"wp:featuredmedia":[{"embeddable":true,"href":"https:\/\/www.europesays.com\/fr\/wp-json\/wp\/v2\/media\/476019"}],"wp:attachment":[{"href":"https:\/\/www.europesays.com\/fr\/wp-json\/wp\/v2\/media?parent=476018"}],"wp:term":[{"taxonomy":"category","embeddable":true,"href":"https:\/\/www.europesays.com\/fr\/wp-json\/wp\/v2\/categories?post=476018"},{"taxonomy":"post_tag","embeddable":true,"href":"https:\/\/www.europesays.com\/fr\/wp-json\/wp\/v2\/tags?post=476018"}],"curies":[{"name":"wp","href":"https:\/\/api.w.org\/{rel}","templated":true}]}}