{"id":476022,"date":"2025-10-20T02:06:15","date_gmt":"2025-10-20T02:06:15","guid":{"rendered":"https:\/\/www.europesays.com\/fr\/476022\/"},"modified":"2025-10-20T02:06:15","modified_gmt":"2025-10-20T02:06:15","slug":"a-paris-niort-ny-arrive-toujours-pas","status":"publish","type":"post","link":"https:\/\/www.europesays.com\/fr\/476022\/","title":{"rendered":"\u00e0 Paris, Niort n\u2019y arrive toujours pas"},"content":{"rendered":"<p><strong>Paris AC\u00a0&#8211; Niort\u00a0: 3-0<\/strong><\/p>\n<p>S\u2019il y a un secteur dans lequel le VBPN est tr\u00e8s r\u00e9gulier en ce d\u00e9but de saison, ce sont bien les r\u00e9sultats. Dimanche 19\u00a0octobre, les joueurs d\u2019Alain Fossi ont rendu la m\u00eame carte que lors de leurs deux premi\u00e8res sorties\u00a0: un 3-0 conc\u00e9d\u00e9 en un peu plus d\u2019une heure, cette fois, chez un concurrent plus que direct au maintien. Comme \u00e0 leur habitude, les Niortais ont altern\u00e9 le tr\u00e8s bon, le bon et le moins bon pour finalement l\u00e2cher prise \u00e0 la fin de chaque set&#8230;. <\/p>\n<p>    Cet article a \u00e9t\u00e9 tronqu\u00e9. Abonnez-vous pour lire l&rsquo;article complet sur notre site.<\/p>\n<p style=\"margin: 0 !important; padding: 0 !important; font-size: 12px !important;\">Cet article a \u00e9t\u00e9 tronqu\u00e9. Abonnez-vous pour lire l&rsquo;article complet.<\/p>\n<p>    <a href=\"https:\/\/www.lanouvellerepublique.fr\/abonnements\" style=\"display: inline-block; margin-top: 5px !important; padding: 6px 12px !important; background: #cb1c27; color: white; text-decoration: none; border-radius: 4px; font-size: 12px !important;\" target=\"_blank\" rel=\"noopener\"><br \/>\n      S&rsquo;abonner<br \/>\n    <\/a><\/p>\n","protected":false},"excerpt":{"rendered":"Paris AC\u00a0&#8211; Niort\u00a0: 3-0 S\u2019il y a un secteur dans lequel le VBPN est tr\u00e8s r\u00e9gulier en ce&hellip;\n","protected":false},"author":2,"featured_media":476023,"comment_status":"","ping_status":"","sticky":false,"template":"","format":"standard","meta":{"footnotes":""},"categories":[1888],"tags":[11,2545,1777,674,1011,27,9915,12,6752,626,25,60,1470],"class_list":{"0":"post-476022","1":"post","2":"type-post","3":"status-publish","4":"format-standard","5":"has-post-thumbnail","7":"category-paris","8":"tag-actualites","9":"tag-deux-sevres","10":"tag-eu","11":"tag-europe","12":"tag-fr","13":"tag-france","14":"tag-nationaux-volley","15":"tag-news","16":"tag-niort","17":"tag-paris","18":"tag-republique-francaise","19":"tag-sports","20":"tag-volley"},"share_on_mastodon":{"url":"https:\/\/pubeurope.com\/@fr\/115404052453932491","error":""},"_links":{"self":[{"href":"https:\/\/www.europesays.com\/fr\/wp-json\/wp\/v2\/posts\/476022","targetHints":{"allow":["GET"]}}],"collection":[{"href":"https:\/\/www.europesays.com\/fr\/wp-json\/wp\/v2\/posts"}],"about":[{"href":"https:\/\/www.europesays.com\/fr\/wp-json\/wp\/v2\/types\/post"}],"author":[{"embeddable":true,"href":"https:\/\/www.europesays.com\/fr\/wp-json\/wp\/v2\/users\/2"}],"replies":[{"embeddable":true,"href":"https:\/\/www.europesays.com\/fr\/wp-json\/wp\/v2\/comments?post=476022"}],"version-history":[{"count":0,"href":"https:\/\/www.europesays.com\/fr\/wp-json\/wp\/v2\/posts\/476022\/revisions"}],"wp:featuredmedia":[{"embeddable":true,"href":"https:\/\/www.europesays.com\/fr\/wp-json\/wp\/v2\/media\/476023"}],"wp:attachment":[{"href":"https:\/\/www.europesays.com\/fr\/wp-json\/wp\/v2\/media?parent=476022"}],"wp:term":[{"taxonomy":"category","embeddable":true,"href":"https:\/\/www.europesays.com\/fr\/wp-json\/wp\/v2\/categories?post=476022"},{"taxonomy":"post_tag","embeddable":true,"href":"https:\/\/www.europesays.com\/fr\/wp-json\/wp\/v2\/tags?post=476022"}],"curies":[{"name":"wp","href":"https:\/\/api.w.org\/{rel}","templated":true}]}}