{"id":476047,"date":"2025-10-20T02:22:24","date_gmt":"2025-10-20T02:22:24","guid":{"rendered":"https:\/\/www.europesays.com\/fr\/476047\/"},"modified":"2025-10-20T02:22:24","modified_gmt":"2025-10-20T02:22:24","slug":"la-dure-epreuve-du-remplacant-de-marc-marquez-en-australie","status":"publish","type":"post","link":"https:\/\/www.europesays.com\/fr\/476047\/","title":{"rendered":"La dure \u00e9preuve du rempla\u00e7ant de Marc M\u00e1rquez en Australie"},"content":{"rendered":"<p>Le Grand Prix d\u2019Australie, et plus pr\u00e9cis\u00e9ment le Sprint du samedi, n\u2019a pas souri \u00e0 l\u2019\u00e9quipe officielle Ducati. En l&rsquo;absence du tr\u00e8s attendu Marc M\u00e1rquez, convalescent, c\u2019est le pilote d\u2019essais Michele Pirro qui a assur\u00e9 l\u2019int\u00e9rim. Qualifi\u00e9 22e, l\u2019Italien a franchi la ligne en 20e position, sans jamais pouvoir jouer les trouble-f\u00eate.<\/p>\n<p>Si les r\u00e9sultats ne sont pas au rendez-vous, la mission de Pirro \u00e9tait avant tout technique, engranger des donn\u00e9es sur un circuit exigeant, bossel\u00e9 et peu familier.<\/p>\n<p>Pirro assume un r\u00f4le d\u2019essayeur strat\u00e9gique<\/p>\n<p>\u00ab Ce n&rsquo;\u00e9tait pas la meilleure course, mais globalement, c&rsquo;est un circuit tr\u00e8s diff\u00e9rent de ceux sur lesquels je fais habituellement des essais, et je n&rsquo;y ai pas roul\u00e9 depuis un bon moment. Il \u00e9tait important de recueillir un maximum d&rsquo;informations pour l&rsquo;avenir, surtout sur un circuit qui n&rsquo;est pas en dents de scie, avec diff\u00e9rents niveaux d&rsquo;adh\u00e9rence et une surface assez bossel\u00e9e\u00bb, a confi\u00e9 Pirro apr\u00e8s la course sur le site officiel de son \u00e9quipe.<\/p>\n<p>Le pilote 51, esp\u00e8re que r\u00e9aliser une bonne performance le dimanche. \u00ab Nous continuerons \u00e0 travailler dans la m\u00eame direction demain, en essayant de progresser \u00bb, d\u00e9clare le v\u00e9t\u00e9ran de 39 ans.<\/p>\n<p>   Partagez cette info avec vos amis et vos proches en cliquant ici<br \/> Pour r\u00e9sumer<\/p>\n<p>Michele Pirro, rempla\u00e7ant de Marc M\u00e1rquez, a termin\u00e9 20e du Sprint \u00e0 Phillip Island, un circuit complexe o\u00f9 il n\u2019avait pas roul\u00e9 depuis longtemps. Sa mission : collecter des donn\u00e9es pour Ducati Lenovo, qui traverse une p\u00e9riode difficile sans son pilote star.<\/p>\n<p>R\u00e9dacteur<\/p>\n<p><img decoding=\"async\" width=\"76\" height=\"76\" loading=\"lazy\" src=\"https:\/\/www.europesays.com\/fr\/wp-content\/uploads\/2025\/09\/logo-juste-houngla.jpg\" alt=\"Juste Houngla\"\/><\/p>\n","protected":false},"excerpt":{"rendered":"Le Grand Prix d\u2019Australie, et plus pr\u00e9cis\u00e9ment le Sprint du samedi, n\u2019a pas souri \u00e0 l\u2019\u00e9quipe officielle Ducati.&hellip;\n","protected":false},"author":2,"featured_media":476048,"comment_status":"","ping_status":"","sticky":false,"template":"","format":"standard","meta":{"footnotes":""},"categories":[1413],"tags":[1011,27,1457,1456,60,59961],"class_list":{"0":"post-476047","1":"post","2":"type-post","3":"status-publish","4":"format-standard","5":"has-post-thumbnail","7":"category-moto","8":"tag-fr","9":"tag-france","10":"tag-moto","11":"tag-motocycle","12":"tag-sports","13":"tag-sports-moto"},"share_on_mastodon":{"url":"https:\/\/pubeurope.com\/@fr\/115404116260101668","error":""},"_links":{"self":[{"href":"https:\/\/www.europesays.com\/fr\/wp-json\/wp\/v2\/posts\/476047","targetHints":{"allow":["GET"]}}],"collection":[{"href":"https:\/\/www.europesays.com\/fr\/wp-json\/wp\/v2\/posts"}],"about":[{"href":"https:\/\/www.europesays.com\/fr\/wp-json\/wp\/v2\/types\/post"}],"author":[{"embeddable":true,"href":"https:\/\/www.europesays.com\/fr\/wp-json\/wp\/v2\/users\/2"}],"replies":[{"embeddable":true,"href":"https:\/\/www.europesays.com\/fr\/wp-json\/wp\/v2\/comments?post=476047"}],"version-history":[{"count":0,"href":"https:\/\/www.europesays.com\/fr\/wp-json\/wp\/v2\/posts\/476047\/revisions"}],"wp:featuredmedia":[{"embeddable":true,"href":"https:\/\/www.europesays.com\/fr\/wp-json\/wp\/v2\/media\/476048"}],"wp:attachment":[{"href":"https:\/\/www.europesays.com\/fr\/wp-json\/wp\/v2\/media?parent=476047"}],"wp:term":[{"taxonomy":"category","embeddable":true,"href":"https:\/\/www.europesays.com\/fr\/wp-json\/wp\/v2\/categories?post=476047"},{"taxonomy":"post_tag","embeddable":true,"href":"https:\/\/www.europesays.com\/fr\/wp-json\/wp\/v2\/tags?post=476047"}],"curies":[{"name":"wp","href":"https:\/\/api.w.org\/{rel}","templated":true}]}}