{"id":476049,"date":"2025-10-20T02:23:12","date_gmt":"2025-10-20T02:23:12","guid":{"rendered":"https:\/\/www.europesays.com\/fr\/476049\/"},"modified":"2025-10-20T02:23:12","modified_gmt":"2025-10-20T02:23:12","slug":"grand-prix-des-etats-unis-en-f1-resultats-et-classements-constructeurs-pilotes","status":"publish","type":"post","link":"https:\/\/www.europesays.com\/fr\/476049\/","title":{"rendered":"Grand Prix des \u00c9tats-Unis en F1\u00a0: R\u00e9sultats et classements (constructeurs\/pilotes)"},"content":{"rendered":"<p><a href=\"https:\/\/www.20minutes.fr\/sport\/max-verstappen\/\" class=\"c-link c-link--is-underlined\" target=\"_blank\" rel=\"noopener\">Max Verstappen<\/a> poursuit sa remontada sur les <a href=\"https:\/\/www.20minutes.fr\/dossier\/mclaren\" class=\"c-link c-link--is-underlined\" target=\"_blank\" rel=\"noopener\">McLaren<\/a> d\u2019Oscar Piastri et Lando Norris au classement du championnat du monde des pilotes de Formule 1 2025. La course au titre n&rsquo;a jamais sembl\u00e9 aussi serr\u00e9e depuis le d\u00e9but de la saison, \u00e0 5 grands prix de la fin de la saison (et 2 sprints).<\/p>\n<p>Verstappen flambe \u00e0 nouveau<\/p>\n<p>Dimanche soir \u00e0 Austin, le N\u00e9erlandais de <a href=\"https:\/\/www.20minutes.fr\/dossier\/red_bull\" class=\"c-link c-link--is-underlined\" target=\"_blank\" rel=\"noopener\">Red Bull<\/a> s\u2019est impos\u00e9 avec brio apr\u00e8s avoir pris la t\u00eate de la course d\u00e8s le d\u00e9part. Il poursuit son week-end parfait aux \u00c9tats-Unis apr\u00e8s sa victoire dans le sprint et les deux pole positions sign\u00e9es. Le quadruple champion du monde montre une nouvelle fois qu\u2019il faudra compter sur lui dans la bataille pour le titre. Il n\u2019est plus qu\u2019\u00e0 40 points d\u2019Oscar Piastri, qui a fini 5e au terme d\u2019une course terne. Il voit son co\u00e9quipier Lando Norris revenir \u00e0 14 points.<\/p>\n<p>Du c\u00f4t\u00e9 des pilotes fran\u00e7ais, c&rsquo;est encore un 0 point\u00e9 en termes de points. Esteban Ocon (Haas) a termin\u00e9 15e, Isack Hadjar (Racing Bulls), 16e et Pierre Gasly (Alpine), 19e. <\/p>\n<p class=\"mb-xxl@xs color-ultramarine font-weight-semi-bold@xs font-source-serif-pro heading-s@xs\">L\u2019acc\u00e8s \u00e0 ce contenu a \u00e9t\u00e9 bloqu\u00e9 afin de respecter votre choix de consentement<\/p>\n<p class=\"mb-m@xs text-l@xs\">En cliquant sur\u00ab J\u2019accepte \u00bb, vous acceptez le d\u00e9p\u00f4t de cookies par des services externes et aurez ainsi acc\u00e8s aux contenus de nos partenaires.<\/p>\n<p class=\"mb-xl@xs text-s@xs\">Plus d\u2019informations sur la page<a href=\"https:\/\/www.20minutes.fr\/gestion-cookies\" class=\"mx-xxs@xs color-ultramarine\" target=\"_blank\" rel=\"noopener\">Politique de gestion des cookies<\/a><\/p>\n<p>J\u2019accepteLe classement du Grand Prix des \u00c9tats-Unis de F1 2025<\/p>\n<ol>\n<li>M.\u00a0Verstappen (Red Bull), 1h34m00.161s<\/li>\n<li>L.\u00a0Norris (McLaren), +\u00a07.959s<\/li>\n<li>C.\u00a0Leclerc (Ferrari), +\u00a015.373s<\/li>\n<li>L.\u00a0Hamilton (Ferrari), +\u00a028.536s<\/li>\n<li>O.\u00a0Piastri (McLaren), +\u00a029.678s<\/li>\n<li>G.\u00a0Russell (Mercedes), +\u00a033.456s<\/li>\n<li>Y. Tsunoda (Red Bull), +\u00a052.714s<\/li>\n<li>N.\u00a0Hulkenberg (Sauber), +\u00a057.249s<\/li>\n<li>O.\u00a0Bearman (Haas), +\u00a064.722s<\/li>\n<li>F.\u00a0Alonso (Aston Martin), +\u00a070.001s<\/li>\n<li>L.\u00a0Lawson (Racing Bulls), +\u00a073.209s<\/li>\n<li>L.\u00a0Stroll (Aston Martin), +\u00a074.778s<\/li>\n<li>K.\u00a0Antonelli (Mercedes), +\u00a075.746s<\/li>\n<li>A.\u00a0Albon (Williams), +\u00a080.000s<\/li>\n<li>E.\u00a0Ocon (Haas), +\u00a083.043s<\/li>\n<li>I.\u00a0Hadjar (Racing Bulls), +\u00a092.807s<\/li>\n<li>F.\u00a0Colapinto (Alpine), +\u00a01 tour<\/li>\n<li>G.\u00a0Bortoleto (Sauber), +\u00a01 tour<\/li>\n<li>P.\u00a0Gasly (Alpine), +\u00a01 tour<\/li>\n<li>C.\u00a0Sainz Jr. (Williams) &#8211; Pas termin\u00e9<\/li>\n<\/ol>\n<p>Le classement g\u00e9n\u00e9ral des pilotes au championnat du monde de F1 2025<\/p>\n<ol>\n<li>OSCAR PIASTRI 346 points<\/li>\n<li>LANDO NORRIS 332<\/li>\n<li>MAX VERSTAPPEN 306<\/li>\n<li>GEORGE RUSSELL 252<\/li>\n<li>CHARLES LECLERC 192<\/li>\n<li>LEWIS HAMILTON 142<\/li>\n<li>KIMI ANTONELLI MERCEDES\t89<\/li>\n<li>ALEXANDER ALBON WILLIAMS\t73<\/li>\n<li>NICO H\u00dcLKENBERG 41 <\/li>\n<li>ISACK HADJAR 39 <\/li>\n<li>CARLOS SAINZ 38<\/li>\n<li>FERNANDO ALONSO 37<\/li>\n<li>LANCE STROLL 32<\/li>\n<li>LIAM LAWSON 30<\/li>\n<li>ESTEBAN OCON 28<\/li>\n<li>YUKI TSUNODA 28<\/li>\n<li>PIERRE GASLY 20 <\/li>\n<li>OLIVER BEARMAN 20 <\/li>\n<li>GABRIEL BORTOLETO 18 <\/li>\n<li>FRANCO COLAPINTO 0<\/li>\n<li>JACK DOOHAN 0 <\/li>\n<\/ol>\n<p>Le classement des constructeurs en F1 2025<\/p>\n<p>1.\tMcLaren 678 points<\/p>\n<p>2.\tMercedes 341<\/p>\n<p>3.\tFerrari 334<\/p>\n<p>4.\tRed Bull Racing 331<\/p>\n<p>5.\tWilliams 111<\/p>\n<p>6.\tRacing Bulls 72<\/p>\n<p>7.\tAston Martin 69<\/p>\n<p>8.\tKick Sauber 59<\/p>\n<p>9.\tHaas 48<\/p>\n<p>10.\tAlpine 20<\/p>\n","protected":false},"excerpt":{"rendered":"Max Verstappen poursuit sa remontada sur les McLaren d\u2019Oscar Piastri et Lando Norris au classement du championnat du&hellip;\n","protected":false},"author":2,"featured_media":476050,"comment_status":"","ping_status":"","sticky":false,"template":"","format":"standard","meta":{"footnotes":""},"categories":[1412],"tags":[1451,1452,1453,1454,7842,1455,1011,27,2236,4475,2255,517,60],"class_list":{"0":"post-476049","1":"post","2":"type-post","3":"status-publish","4":"format-standard","5":"has-post-thumbnail","7":"category-f1","8":"tag-f1","9":"tag-formula-1","10":"tag-formula1","11":"tag-formule-1","12":"tag-formule-1-f1","13":"tag-formule1","14":"tag-fr","15":"tag-france","16":"tag-max-verstappen","17":"tag-mclaren","18":"tag-red-bull","19":"tag-sport","20":"tag-sports"},"share_on_mastodon":{"url":"https:\/\/pubeurope.com\/@fr\/115404118615190757","error":""},"_links":{"self":[{"href":"https:\/\/www.europesays.com\/fr\/wp-json\/wp\/v2\/posts\/476049","targetHints":{"allow":["GET"]}}],"collection":[{"href":"https:\/\/www.europesays.com\/fr\/wp-json\/wp\/v2\/posts"}],"about":[{"href":"https:\/\/www.europesays.com\/fr\/wp-json\/wp\/v2\/types\/post"}],"author":[{"embeddable":true,"href":"https:\/\/www.europesays.com\/fr\/wp-json\/wp\/v2\/users\/2"}],"replies":[{"embeddable":true,"href":"https:\/\/www.europesays.com\/fr\/wp-json\/wp\/v2\/comments?post=476049"}],"version-history":[{"count":0,"href":"https:\/\/www.europesays.com\/fr\/wp-json\/wp\/v2\/posts\/476049\/revisions"}],"wp:featuredmedia":[{"embeddable":true,"href":"https:\/\/www.europesays.com\/fr\/wp-json\/wp\/v2\/media\/476050"}],"wp:attachment":[{"href":"https:\/\/www.europesays.com\/fr\/wp-json\/wp\/v2\/media?parent=476049"}],"wp:term":[{"taxonomy":"category","embeddable":true,"href":"https:\/\/www.europesays.com\/fr\/wp-json\/wp\/v2\/categories?post=476049"},{"taxonomy":"post_tag","embeddable":true,"href":"https:\/\/www.europesays.com\/fr\/wp-json\/wp\/v2\/tags?post=476049"}],"curies":[{"name":"wp","href":"https:\/\/api.w.org\/{rel}","templated":true}]}}