{"id":476057,"date":"2025-10-20T02:27:14","date_gmt":"2025-10-20T02:27:14","guid":{"rendered":"https:\/\/www.europesays.com\/fr\/476057\/"},"modified":"2025-10-20T02:27:14","modified_gmt":"2025-10-20T02:27:14","slug":"dans-le-centre-bretagne-un-geant-moai-veille-desormais-sur-la-vallee-des-saints","status":"publish","type":"post","link":"https:\/\/www.europesays.com\/fr\/476057\/","title":{"rendered":"Dans le Centre-Bretagne, un G\u00e9ant Moa\u00ef veille d\u00e9sormais sur la Vall\u00e9e des saints"},"content":{"rendered":"<p>Depuis vendredi, un <a href=\"https:\/\/www.letelegramme.fr\/cotes-d-armor\/carnoet-22160\/la-vallee-des-saints-va-accueillir-une-sculpture-moai-de-lile-de-paques-6823088.php\" target=\"_blank\" rel=\"noopener\">Moa\u00ef de l\u2019\u00eele de P\u00e2ques <\/a>tr\u00f4ne fi\u00e8rement \u00e0 la Vall\u00e9e des saints. L\u2019aboutissement d\u2019un partenariat commenc\u00e9 il y a huit ans entre la Bretagne et l\u2019\u00eele de Rapa Nui. Une c\u00e9r\u00e9monie \u00e9mouvante et chaleureuse, en pr\u00e9sence d\u2019une d\u00e9l\u00e9gation chilienne, a eu lieu afin de cl\u00f4turer la cr\u00e9ation de cette sculpture. Tout en granit, \u00e0 l\u2019exception de ses yeux, lesquels sont en marbre, d\u2019une hauteur de 6,20 m, d\u2019un poids impressionnant de 3,5 tonnes pour le chapeau, 10,1 tonnes pour le Moa\u00ef et 8,8 tonnes pour le socle, a \u00e9t\u00e9 r\u00e9alis\u00e9 en un mois par les sculpteurs Alberto Ika Araki, Jos\u00e9 Ika Sanchez, <a href=\"https:\/\/www.letelegramme.fr\/cotes-d-armor\/plouezec-22470\/pres-de-paimpol-kito-un-monument-de-la-sculpture-6643937.php\" target=\"_blank\" rel=\"noopener\">Kito<\/a> et son coll\u00e8gue Vincent Lema\u00e7on.<\/p>\n<p>Une tourn\u00e9e \u00e0 Lorient et Brest<\/p>\n<p>Le<a href=\"https:\/\/www.letelegramme.fr\/cotes-d-armor\/guingamp-22200\/a-carnoet-le-premier-moai-en-granit-du-monde-relie-la-bretagne-a-lile-de-paques-en-images-6911843.php\" target=\"_blank\" rel=\"noopener\"> Moa\u00ef de la fraternit\u00e9 et de l\u2019amiti\u00e9, appel\u00e9 Mana Tapu Ao<\/a>, \u00ab\u00a0sera le gardien de l\u2019entr\u00e9e pour les temps \u00e0 venir. Avant d\u2019accueillir d\u00e9finitivement les visiteurs de la Vall\u00e9e des saints, rejoindra Brest le 19 novembre, puis Quemper-Gu\u00e9zennec, en hommage au navigateur Paul Antoine Marie Fleuriot de Langle, puis \u00e0 Pir\u00e9-Chanc\u00e9 (Ille-et-Vilaine) et de Lorient\u00a0\u00bb, a expliqu\u00e9 S\u00e9bastien Minguy.<\/p>\n<p>\u00ab\u00a0Aujourd\u2019hui, c\u2019est un moment tr\u00e8s important pour la diversit\u00e9 culturelle\u00a0: nous travaillons pour que les jeunes Bretons et les jeunes Rapa Nui puissent \u00e9changer. C\u2019est en allant vers la mer que le fleuve reste fid\u00e8le \u00e0 sa source\u00a0\u00bb, a expliqu\u00e9 Luis Ramirez, pr\u00e9sident de l\u2019<a href=\"https:\/\/www.letelegramme.fr\/toute-l-information-de-la-bretagne\/span-classamorcevallee-des-saints-spanle-chili-arrive-jusqua-lile-de-paques-bretonne-3507357.php\" target=\"_blank\" rel=\"noopener\">association Breizh Chile Rapanui<\/a>. \u00c0 la suite des discours et d\u2019un chant traditionnel Rapa Nui, la d\u00e9l\u00e9gation de l\u2019\u00eele de P\u00e2ques a entam\u00e9 un rituel.<\/p>\n<p><img decoding=\"async\" src=\"https:\/\/www.europesays.com\/fr\/wp-content\/uploads\/2025\/10\/68f4de2489f5dfc7aa0ad53c.1.jpeg\" width=\"480\" height=\"300\" class=\"web_golden_m\" loading=\"lazy\" alt=\"Le Moa\u00ef de la fraternit\u00e9 et de l\u2019amiti\u00e9, appel\u00e9 Mana Tapu Ao, sera le gardien de l\u2019entr\u00e9e de la Vall\u00e9e des saints.\"\/>Le Moa\u00ef de la fraternit\u00e9 et de l\u2019amiti\u00e9, appel\u00e9 Mana Tapu Ao, sera le gardien de l\u2019entr\u00e9e de la Vall\u00e9e des saints. (JEAN LUC LE GARIGNON)Un mois pour sculpter le Moa\u00ef<\/p>\n<p>\u00ab\u00a0On a remerci\u00e9 et sollicit\u00e9 les esprits pour qu\u2019ils nous autorisent \u00e0 faire le Moa\u00ef il y a un mois, lors du d\u00e9but du chantier. Si on ne le ferme pas aujourd\u2019hui, la l\u00e9gende dit qu\u2019il peut arriver des malheurs\u00a0\u00bb, a expliqu\u00e9 Kissy Ika Chavez, repr\u00e9sentante de la municipalit\u00e9 de Rapa Nui. Apr\u00e8s avoir r\u00e9alis\u00e9 un feu dans et avec de la terre, un repr\u00e9sentant de la d\u00e9l\u00e9gation chilienne autochtone a remerci\u00e9 \u00ab\u00a0tous ceux qui ont sculpt\u00e9 le visage de nos anc\u00eatres\u00a0\u00bb. Invitant ensuite la foule \u00e0 se tenir la main, il a remerci\u00e9 les esprits, Dieu, et la pierre d\u2019avoir accept\u00e9 d\u2019\u00eatre sculpt\u00e9e. Chacun, ensuite, a pu d\u00e9guster un morceau de patate douce et de poulet \u00ab\u00a0pour que le mana, la puissance, entre en nous.\u00a0\u00bb<\/p>\n","protected":false},"excerpt":{"rendered":"Depuis vendredi, un Moa\u00ef de l\u2019\u00eele de P\u00e2ques tr\u00f4ne fi\u00e8rement \u00e0 la Vall\u00e9e des saints. L\u2019aboutissement d\u2019un partenariat&hellip;\n","protected":false},"author":2,"featured_media":476058,"comment_status":"","ping_status":"","sticky":false,"template":"","format":"standard","meta":{"footnotes":""},"categories":[1358],"tags":[11,1348,1384,1385,3450,829,24530,2171,1386,58,59,1011,27,4044,1781,59964],"class_list":{"0":"post-476057","1":"post","2":"type-post","3":"status-publish","4":"format-standard","5":"has-post-thumbnail","7":"category-arts-et-design","8":"tag-actualites","9":"tag-arts","10":"tag-arts-and-design","11":"tag-arts-et-design","12":"tag-brest","13":"tag-bretagne","14":"tag-carnoet","15":"tag-cotes-darmor","16":"tag-design","17":"tag-divertissement","18":"tag-entertainment","19":"tag-fr","20":"tag-france","21":"tag-guingamp","22":"tag-lorient","23":"tag-quemper-guezennec"},"share_on_mastodon":{"url":"https:\/\/pubeurope.com\/@fr\/115404134856453891","error":""},"_links":{"self":[{"href":"https:\/\/www.europesays.com\/fr\/wp-json\/wp\/v2\/posts\/476057","targetHints":{"allow":["GET"]}}],"collection":[{"href":"https:\/\/www.europesays.com\/fr\/wp-json\/wp\/v2\/posts"}],"about":[{"href":"https:\/\/www.europesays.com\/fr\/wp-json\/wp\/v2\/types\/post"}],"author":[{"embeddable":true,"href":"https:\/\/www.europesays.com\/fr\/wp-json\/wp\/v2\/users\/2"}],"replies":[{"embeddable":true,"href":"https:\/\/www.europesays.com\/fr\/wp-json\/wp\/v2\/comments?post=476057"}],"version-history":[{"count":0,"href":"https:\/\/www.europesays.com\/fr\/wp-json\/wp\/v2\/posts\/476057\/revisions"}],"wp:featuredmedia":[{"embeddable":true,"href":"https:\/\/www.europesays.com\/fr\/wp-json\/wp\/v2\/media\/476058"}],"wp:attachment":[{"href":"https:\/\/www.europesays.com\/fr\/wp-json\/wp\/v2\/media?parent=476057"}],"wp:term":[{"taxonomy":"category","embeddable":true,"href":"https:\/\/www.europesays.com\/fr\/wp-json\/wp\/v2\/categories?post=476057"},{"taxonomy":"post_tag","embeddable":true,"href":"https:\/\/www.europesays.com\/fr\/wp-json\/wp\/v2\/tags?post=476057"}],"curies":[{"name":"wp","href":"https:\/\/api.w.org\/{rel}","templated":true}]}}