{"id":476059,"date":"2025-10-20T02:28:15","date_gmt":"2025-10-20T02:28:15","guid":{"rendered":"https:\/\/www.europesays.com\/fr\/476059\/"},"modified":"2025-10-20T02:28:15","modified_gmt":"2025-10-20T02:28:15","slug":"succes-inalterable-de-la-new-romance-au-salon-angouleme-se-livre","status":"publish","type":"post","link":"https:\/\/www.europesays.com\/fr\/476059\/","title":{"rendered":"Succ\u00e8s inalt\u00e9rable de la \u00ab\u00a0new romance\u00a0\u00bb au salon \u00ab\u00a0Angoul\u00eame se livre\u00a0\u00bb"},"content":{"rendered":"<p>Le salon \u00ab\u00a0Angoul\u00eame se livre\u00a0\u00bb a confirm\u00e9 l\u2019engouement pour la \u00ab\u00a0new romance\u00a0\u00bb, genre litt\u00e9raire pris\u00e9 des jeunes lecteurs, comme L\u00e9a, venue sp\u00e9cialement de Salles-Lavalette pour rencontrer ses autrices favorites.<\/p>\n<p>L\u00e9a, 18\u00a0ans, repart les joues rougies de sa rencontre avec Emma Green, deux stars de la \u00ab\u00a0new romance\u00a0\u00bb, ce genre m\u00ealant histoires d\u2019amour et sc\u00e8ne de sexe plus ou moins explicites. La temp\u00e9rature au sein de l\u2019Espace Franquin, o\u00f9 s\u2019est tenu \u00ab\u00a0Angoul\u00eame se livre\u00a0\u00bb jusqu\u2019\u00e0 dimanche, y est pour quelque chose mais pas seulement\u00a0: la jeune femme a fait le d\u00e9placement depuis Salles-Lavalette uniquement pour ces deux autrices. \u00ab\u00a0\u00c7a fait six ans que je les suis, leurs livres sont faciles \u00e0 lire et on peut facilement s\u2019identifier aux personnages\u00a0\u00bb, t\u00e9moigne, \u00e9mue, la fan, d\u00e9dicace en main, apr\u00e8s 1h15 d\u2019attente.<\/p>\n","protected":false},"excerpt":{"rendered":"Le salon \u00ab\u00a0Angoul\u00eame se livre\u00a0\u00bb a confirm\u00e9 l\u2019engouement pour la \u00ab\u00a0new romance\u00a0\u00bb, genre litt\u00e9raire pris\u00e9 des jeunes lecteurs,&hellip;\n","protected":false},"author":2,"featured_media":476060,"comment_status":"","ping_status":"","sticky":false,"template":"","format":"standard","meta":{"footnotes":""},"categories":[1357],"tags":[1379,58,59,1011,27,1380],"class_list":{"0":"post-476059","1":"post","2":"type-post","3":"status-publish","4":"format-standard","5":"has-post-thumbnail","7":"category-livres","8":"tag-books","9":"tag-divertissement","10":"tag-entertainment","11":"tag-fr","12":"tag-france","13":"tag-livres"},"share_on_mastodon":{"url":"https:\/\/pubeurope.com\/@fr\/115404139050711360","error":""},"_links":{"self":[{"href":"https:\/\/www.europesays.com\/fr\/wp-json\/wp\/v2\/posts\/476059","targetHints":{"allow":["GET"]}}],"collection":[{"href":"https:\/\/www.europesays.com\/fr\/wp-json\/wp\/v2\/posts"}],"about":[{"href":"https:\/\/www.europesays.com\/fr\/wp-json\/wp\/v2\/types\/post"}],"author":[{"embeddable":true,"href":"https:\/\/www.europesays.com\/fr\/wp-json\/wp\/v2\/users\/2"}],"replies":[{"embeddable":true,"href":"https:\/\/www.europesays.com\/fr\/wp-json\/wp\/v2\/comments?post=476059"}],"version-history":[{"count":0,"href":"https:\/\/www.europesays.com\/fr\/wp-json\/wp\/v2\/posts\/476059\/revisions"}],"wp:featuredmedia":[{"embeddable":true,"href":"https:\/\/www.europesays.com\/fr\/wp-json\/wp\/v2\/media\/476060"}],"wp:attachment":[{"href":"https:\/\/www.europesays.com\/fr\/wp-json\/wp\/v2\/media?parent=476059"}],"wp:term":[{"taxonomy":"category","embeddable":true,"href":"https:\/\/www.europesays.com\/fr\/wp-json\/wp\/v2\/categories?post=476059"},{"taxonomy":"post_tag","embeddable":true,"href":"https:\/\/www.europesays.com\/fr\/wp-json\/wp\/v2\/tags?post=476059"}],"curies":[{"name":"wp","href":"https:\/\/api.w.org\/{rel}","templated":true}]}}