{"id":476061,"date":"2025-10-20T02:29:21","date_gmt":"2025-10-20T02:29:21","guid":{"rendered":"https:\/\/www.europesays.com\/fr\/476061\/"},"modified":"2025-10-20T02:29:21","modified_gmt":"2025-10-20T02:29:21","slug":"quelle-histoire-vraie-a-inspire-la-serie-netflix","status":"publish","type":"post","link":"https:\/\/www.europesays.com\/fr\/476061\/","title":{"rendered":"Quelle histoire vraie a inspir\u00e9 la s\u00e9rie Netflix ?"},"content":{"rendered":"<p>Mercredi 15 octobre, la plateforme de streaming Netflix a mis en ligne Personne ne nous a vus partir, une mini-s\u00e9rie mexicaine bas\u00e9e sur une histoire vraie, celle d\u2019un p\u00e8re qui kidnappe ses deux enfants, laissant leur m\u00e8re les chercher inlassablement.<\/p>\n<p>Les s\u00e9ries mexicaines ont le vent en poupe actuellement sur <a href=\"https:\/\/www.programme-tv.net\/guide-netflix\/\" target=\"_blank\" rel=\"noopener\">la plateforme de streaming Netflix<\/a>. Apr\u00e8s <a href=\"https:\/\/www.programme-tv.net\/news\/series-tv\/359994-accidente-netflix-cette-scene-censee-etre-tragique-devient-la-risee-des-reseaux-sociaux\/\" data-api-deeplink=\"teleloisirs:\/\/news\/359994\" target=\"_blank\" rel=\"noopener\">Accidente<\/a> ou encore <a href=\"https:\/\/www.programme-tv.net\/news\/series-tv\/361348-los-reyes-de-oriente-netflix-apres-accidente-c-est-quoi-cette-nouvelle-serie-mexicaine\/\" data-api-deeplink=\"teleloisirs:\/\/news\/361348\" target=\"_blank\" rel=\"noopener\">Los Reyes de Oriente<\/a>, Personne ne nous a vus partir, une mini-s\u00e9rie bas\u00e9e sur une histoire vraie, a \u00e9t\u00e9 mise en ligne le mercredi 15 octobre et pass\u00e9e num\u00e9ro 1 du top des programmes les plus vus du moment. Elle raconte une histoire bouleversante, qui devrait \u00e9mouvoir bon nombre de t\u00e9l\u00e9spectateurs, celle de Valeria, qui rentre chez elle et d\u00e9couvre que son mari et ses deux enfants ont disparu, tout comme leurs passeports. Ce qui semble au premier abord \u00eatre une fuite soudaine se r\u00e9v\u00e8le rapidement \u00eatre une vengeance orchestr\u00e9e par son mari, qui d\u00e9cide d&rsquo;enlever les enfants pour la punir d&rsquo;avoir d\u00e9fi\u00e9 les r\u00e8gles d&rsquo;une famille puissante. Car ce drame familial se d\u00e9roule \u00e9galement sur fond de rivalit\u00e9s sociales entre deux grandes familles juives mexicaines. Si cette histoire touche, c\u2019est \u00e9galement parce qu\u2019elle est bas\u00e9e sur une histoire vraie. Tamara Trottner a en effet racont\u00e9 ce qu\u2019il lui \u00e9tait arriv\u00e9 enfant dans son livre intitul\u00e9 Personne ne nous a vus partir.<\/p>\n<p>                        <b>Personne ne nous a vus partir<\/b><b> : l\u2019histoire vraie derri\u00e8re la s\u00e9rie de Netflix<\/b><\/p>\n<p>Le livre sur lequel la s\u00e9rie est bas\u00e9e n&rsquo;est donc pas une \u0153uvre de fiction : <a href=\"https:\/\/www.programme-tv.net\/news\/series-tv\/389791-personne-ne-nous-a-vus-partir-netflix-cette-serie-inspiree-d-une-histoire-vraie-va-vous-faire-pleurer\/\" data-api-deeplink=\"teleloisirs:\/\/news\/389791\" target=\"_blank\" rel=\"noopener\">Tamara Trottner y raconte sa propre enfance<\/a>, marqu\u00e9e notamment par la manipulation et le contr\u00f4le. L&rsquo;\u00e9crivaine a r\u00e9v\u00e9l\u00e9 que son p\u00e8re l&rsquo;avait kidnapp\u00e9e, elle et son fr\u00e8re, alors qu&rsquo;elle n&rsquo;avait que 5 ans, le jour de son anniversaire. \u00ab\u00a0Il nous a kidnapp\u00e9s pendant deux ans&#8230; Au d\u00e9but, nous pensions que c&rsquo;\u00e9tait un voyage, mais ensuite nous avons demand\u00e9 o\u00f9 \u00e9taient maman, le chien ou l&rsquo;\u00e9cole, et personne ne nous a r\u00e9pondu\u00a0\u00bb, s\u2019\u00e9tait-elle souvenue dans une interview pour la cha\u00eene YouTube <a href=\"https:\/\/www.youtube.com\/watch?v=4adAcorzQcU\" target=\"_blank\" rel=\"noopener\">De dientes para adentro<\/a>. Au cours de ces ann\u00e9es, les enfants ont \u00e9t\u00e9 d\u00e9plac\u00e9s dans diff\u00e9rents pays, de la France \u00e0 Isra\u00ebl, tandis que leur m\u00e8re se lan\u00e7ait dans une recherche d\u00e9sesp\u00e9r\u00e9e avec l&rsquo;aide de d\u00e9tectives priv\u00e9s. \u00ab\u00a0Cette histoire ne parle pas de h\u00e9ros ou de m\u00e9chants, mais de blessures qui mettent toute une vie \u00e0 cicatriser\u00a0\u00bb, a d\u00e9clar\u00e9 l\u2019autrice lors de l\u2019avant-premi\u00e8re de la s\u00e9rie.<\/p>\n<p>            <b>Personne ne nous a vus partir<\/b><b> sur Netflix : les enfants ont finalement retrouv\u00e9 leur m\u00e8re<\/b><\/p>\n<p>Plusieurs fois retrouv\u00e9s gr\u00e2ce aux d\u00e9tectives priv\u00e9s engag\u00e9s par Valeria, les enfants vont mettre deux ans \u00e0 lui \u00eatre rendus, la faute \u00e0 un sc\u00e9nario bien ficel\u00e9 du p\u00e8re qui pr\u00e9venait toujours en amont qu\u2019il avait fui son pays avec ses enfants parce que leur m\u00e8re \u00e9tait dangereuse pour eux et qui r\u00e9p\u00e9tait \u00e0 ses enfants que leur m\u00e8re ne voulait plus les voir. C\u2019est finalement au Mexique que Valeria les retrouvera et les r\u00e9cup\u00e8rera avec elle.<\/p>\n<p>Article \u00e9crit avec la collaboration de 6Medias<\/p>\n","protected":false},"excerpt":{"rendered":"Mercredi 15 octobre, la plateforme de streaming Netflix a mis en ligne Personne ne nous a vus partir,&hellip;\n","protected":false},"author":2,"featured_media":476062,"comment_status":"","ping_status":"","sticky":false,"template":"","format":"standard","meta":{"footnotes":""},"categories":[1356],"tags":[244,58,59,1011,27,127,59965,1722,1721,129,252,1364],"class_list":{"0":"post-476061","1":"post","2":"type-post","3":"status-publish","4":"format-standard","5":"has-post-thumbnail","7":"category-television","8":"tag-commentaire","9":"tag-divertissement","10":"tag-entertainment","11":"tag-fr","12":"tag-france","13":"tag-netflix","14":"tag-personne-ne-nous-a-vus-partir","15":"tag-pub-streaming-netflix","16":"tag-su00e9rie-netflix","17":"tag-svod","18":"tag-television","19":"tag-tv"},"share_on_mastodon":{"url":"https:\/\/pubeurope.com\/@fr\/115404142819832838","error":""},"_links":{"self":[{"href":"https:\/\/www.europesays.com\/fr\/wp-json\/wp\/v2\/posts\/476061","targetHints":{"allow":["GET"]}}],"collection":[{"href":"https:\/\/www.europesays.com\/fr\/wp-json\/wp\/v2\/posts"}],"about":[{"href":"https:\/\/www.europesays.com\/fr\/wp-json\/wp\/v2\/types\/post"}],"author":[{"embeddable":true,"href":"https:\/\/www.europesays.com\/fr\/wp-json\/wp\/v2\/users\/2"}],"replies":[{"embeddable":true,"href":"https:\/\/www.europesays.com\/fr\/wp-json\/wp\/v2\/comments?post=476061"}],"version-history":[{"count":0,"href":"https:\/\/www.europesays.com\/fr\/wp-json\/wp\/v2\/posts\/476061\/revisions"}],"wp:featuredmedia":[{"embeddable":true,"href":"https:\/\/www.europesays.com\/fr\/wp-json\/wp\/v2\/media\/476062"}],"wp:attachment":[{"href":"https:\/\/www.europesays.com\/fr\/wp-json\/wp\/v2\/media?parent=476061"}],"wp:term":[{"taxonomy":"category","embeddable":true,"href":"https:\/\/www.europesays.com\/fr\/wp-json\/wp\/v2\/categories?post=476061"},{"taxonomy":"post_tag","embeddable":true,"href":"https:\/\/www.europesays.com\/fr\/wp-json\/wp\/v2\/tags?post=476061"}],"curies":[{"name":"wp","href":"https:\/\/api.w.org\/{rel}","templated":true}]}}