{"id":476063,"date":"2025-10-20T02:30:13","date_gmt":"2025-10-20T02:30:13","guid":{"rendered":"https:\/\/www.europesays.com\/fr\/476063\/"},"modified":"2025-10-20T02:30:13","modified_gmt":"2025-10-20T02:30:13","slug":"lens-le-clip-de-rap-tourne-au-milieu-des-graffitis-de-la-rue-notre-dame-de-lorette-est-sorti","status":"publish","type":"post","link":"https:\/\/www.europesays.com\/fr\/476063\/","title":{"rendered":"Lens. Le clip de rap tourn\u00e9 au milieu des graffitis de la rue Notre-Dame-de-Lorette est sorti"},"content":{"rendered":"<p>            Par<br \/>\n        <strong><br \/>\n            <a href=\"https:\/\/actu.fr\/auteur\/florian-brassart\" title=\"Consulter tous les articles de Florian Brassart\" target=\"_blank\" rel=\"noopener\">Florian Brassart<\/a><br \/>\n        <\/strong><\/p>\n<p>        Publi\u00e9 le<\/p>\n<p>            19 oct. 2025 \u00e0 11h20        <\/p>\n<p>Nous vous l\u2019avions annonc\u00e9 il y a quelques semaines, il est d\u00e9sormais en ligne ! <b>Le clip de rap tourn\u00e9 au milieu des graffitis de la rue Notre-Dame-de-Lorette<\/b>, situ\u00e9e \u00e0 <a href=\"https:\/\/actu.fr\/hauts-de-france\/lens_62498\" target=\"_blank\" rel=\"noopener\">Lens<\/a> dans le <a href=\"https:\/\/actu.fr\/pas-de-calais\/\" target=\"_blank\" rel=\"noopener\">Pas-de-Calais<\/a>, <b>a \u00e9t\u00e9 mise en ligne<\/b>. Le rappeur nordiste, Mc Lakpo, l\u2019a d\u00e9voil\u00e9 sur sa cha\u00eene Youtube.\u00a0<\/p>\n<p>Le clip du rappeur Mc Lakpo d\u00e9voil\u00e9 sur Youtube<\/p>\n<p class=\" wall-content\">Mc Lakpo, alias Yannick Dudkiewicz, est un enfant de la Cit\u00e9 4 de Lens. Pour l\u2019artiste, tourner un clip dans la rue Notre-Dame-de-Lorette, dont les corons vides sont d\u00e9sormais d\u00e9cor\u00e9s de graffitis, \u00e9tait une \u00e9vidence. \u00ab\u00a0Quand j\u2019ai appris l\u2019initiative des graffeurs dans la rue Notre-Dame-de-Lorette, je me suis dit qu\u2019y tourner un clip c\u2019\u00e9tait \u00e0 la crois\u00e9e de ce que je fais. Les graffitis font partie de la culture hip-hop et c\u2019est aussi un hommage aux mineurs et \u00e0 leur histoire. C\u2019est pile poil ma direction artistique\u00a0\u00bb, nous confiait-il au mois de septembre.\u00a0<\/p>\n<p>    <a href=\"https:\/\/www.youtube.com\/embed\/ihqCBmdrUr8\" title=\"Ouvrie le lien\" target=\"_blank\" rel=\"noopener\">Cliquez ici pour visualiser le contenu<\/a><\/p>\n<p class=\" wall-content\">Dans le son Quand je quitte ma ville, le rappeur lensois raconte l\u2019attachement qu\u2019on a \u00e0 un coin, \u00e0 une ville, un quartier. \u00ab\u00a0J\u2019attendais qu\u2019une opportunit\u00e9 se pr\u00e9sente pour tourner le clip.\u00a0\u00bb Yannick s\u2019est entour\u00e9 d\u2019amis et de proches pour r\u00e9aliser ce clip tourn\u00e9 devant les graffitis les plus impressionnants r\u00e9alis\u00e9s par les street-artistes cet \u00e9t\u00e9. Cliquez <a href=\"https:\/\/www.youtube.com\/watch?v=ihqCBmdrUr8\" target=\"_blank\" rel=\"noopener\">ici<\/a> pour le d\u00e9couvrir.\u00a0<\/p>\n<p class=\" wall-content\">Personnalisez votre actualit\u00e9 en ajoutant vos villes et m\u00e9dias en favori avec <a href=\"https:\/\/moncompte.actu.fr\" title=\"D\u00e9couvez Mon Actu\" rel=\"nofollow noopener\" data-trk=\"{&quot;cta&quot;:{&quot;action&quot;:&quot;https:\\\/\\\/moncompte.actu.fr&quot;,&quot;category&quot;:&quot;mon compte&quot;,&quot;from&quot;:&quot;article footer&quot;,&quot;name&quot;:&quot;Mon actu&quot;,&quot;type&quot;:&quot;cta&quot;}}\" target=\"_blank\">Mon Actu<\/a>.<\/p>\n","protected":false},"excerpt":{"rendered":"Par Florian Brassart Publi\u00e9 le 19 oct. 2025 \u00e0 11h20 Nous vous l\u2019avions annonc\u00e9 il y a quelques&hellip;\n","protected":false},"author":2,"featured_media":476064,"comment_status":"","ping_status":"","sticky":false,"template":"","format":"standard","meta":{"footnotes":""},"categories":[1355],"tags":[58,59,1011,27,1652,1361,873,3616],"class_list":{"0":"post-476063","1":"post","2":"type-post","3":"status-publish","4":"format-standard","5":"has-post-thumbnail","7":"category-musique","8":"tag-divertissement","9":"tag-entertainment","10":"tag-fr","11":"tag-france","12":"tag-loisirs-culture","13":"tag-music","14":"tag-musique","15":"tag-rap"},"share_on_mastodon":{"url":"https:\/\/pubeurope.com\/@fr\/115404146691081910","error":""},"_links":{"self":[{"href":"https:\/\/www.europesays.com\/fr\/wp-json\/wp\/v2\/posts\/476063","targetHints":{"allow":["GET"]}}],"collection":[{"href":"https:\/\/www.europesays.com\/fr\/wp-json\/wp\/v2\/posts"}],"about":[{"href":"https:\/\/www.europesays.com\/fr\/wp-json\/wp\/v2\/types\/post"}],"author":[{"embeddable":true,"href":"https:\/\/www.europesays.com\/fr\/wp-json\/wp\/v2\/users\/2"}],"replies":[{"embeddable":true,"href":"https:\/\/www.europesays.com\/fr\/wp-json\/wp\/v2\/comments?post=476063"}],"version-history":[{"count":0,"href":"https:\/\/www.europesays.com\/fr\/wp-json\/wp\/v2\/posts\/476063\/revisions"}],"wp:featuredmedia":[{"embeddable":true,"href":"https:\/\/www.europesays.com\/fr\/wp-json\/wp\/v2\/media\/476064"}],"wp:attachment":[{"href":"https:\/\/www.europesays.com\/fr\/wp-json\/wp\/v2\/media?parent=476063"}],"wp:term":[{"taxonomy":"category","embeddable":true,"href":"https:\/\/www.europesays.com\/fr\/wp-json\/wp\/v2\/categories?post=476063"},{"taxonomy":"post_tag","embeddable":true,"href":"https:\/\/www.europesays.com\/fr\/wp-json\/wp\/v2\/tags?post=476063"}],"curies":[{"name":"wp","href":"https:\/\/api.w.org\/{rel}","templated":true}]}}