{"id":476079,"date":"2025-10-20T02:40:46","date_gmt":"2025-10-20T02:40:46","guid":{"rendered":"https:\/\/www.europesays.com\/fr\/476079\/"},"modified":"2025-10-20T02:40:46","modified_gmt":"2025-10-20T02:40:46","slug":"un-jeune-de-15-ans-tente-de-lui-arracher-son-collier","status":"publish","type":"post","link":"https:\/\/www.europesays.com\/fr\/476079\/","title":{"rendered":"Un jeune de 15 ans tente de lui arracher son collier"},"content":{"rendered":"\n<p>Ce lundi 13 octobre, aux alentours de 19h30, alors qu&rsquo;elle rentrait du travail, une femme de 54 ans a \u00e9t\u00e9 surprise par un jeune arracheur de collier au niveau de la place du Bicentenaire. Ag\u00e9 de seulement 15 ans, il a tent\u00e9 de lui subtiliser son bijou en lui arrachant, par la m\u00eame occasion, un bout de son chemisier avant de prendre la fuite.\u00a0<\/p>\n<p>Apr\u00e8s l\u2019arriv\u00e9e des policiers et une description pr\u00e9cise du jeune voleur, elle le reconna\u00eet finalement proche du palais de justice de Saint-Etienne. Interpell\u00e9, le mineur a \u00e9t\u00e9 pr\u00e9sent\u00e9 hier apr\u00e8s-midi \u00e0 un magistrat.<\/p>\n<p>Quant au collier, la victime l\u2019a finalement retrouv\u00e9 dans son chemisier.<\/p>\n","protected":false},"excerpt":{"rendered":"Ce lundi 13 octobre, aux alentours de 19h30, alors qu&rsquo;elle rentrait du travail, une femme de 54 ans&hellip;\n","protected":false},"author":2,"featured_media":202675,"comment_status":"","ping_status":"","sticky":false,"template":"","format":"standard","meta":{"footnotes":""},"categories":[9653],"tags":[1111,11,2441,2430,33262,1777,674,1011,27,3367,12,1072,25,55668,4001,1175],"class_list":{"0":"post-476079","1":"post","2":"type-post","3":"status-publish","4":"format-standard","5":"has-post-thumbnail","7":"category-saint-etienne","8":"tag-actu","9":"tag-actualites","10":"tag-arrestation","11":"tag-auvergne-rhone-alpes","12":"tag-collier","13":"tag-eu","14":"tag-europe","15":"tag-fr","16":"tag-france","17":"tag-loire","18":"tag-news","19":"tag-police","20":"tag-republique-francaise","21":"tag-saint_etienne","22":"tag-saint-etienne","23":"tag-vol"},"share_on_mastodon":{"url":"https:\/\/pubeurope.com\/@fr\/115404185497711345","error":""},"_links":{"self":[{"href":"https:\/\/www.europesays.com\/fr\/wp-json\/wp\/v2\/posts\/476079","targetHints":{"allow":["GET"]}}],"collection":[{"href":"https:\/\/www.europesays.com\/fr\/wp-json\/wp\/v2\/posts"}],"about":[{"href":"https:\/\/www.europesays.com\/fr\/wp-json\/wp\/v2\/types\/post"}],"author":[{"embeddable":true,"href":"https:\/\/www.europesays.com\/fr\/wp-json\/wp\/v2\/users\/2"}],"replies":[{"embeddable":true,"href":"https:\/\/www.europesays.com\/fr\/wp-json\/wp\/v2\/comments?post=476079"}],"version-history":[{"count":0,"href":"https:\/\/www.europesays.com\/fr\/wp-json\/wp\/v2\/posts\/476079\/revisions"}],"wp:featuredmedia":[{"embeddable":true,"href":"https:\/\/www.europesays.com\/fr\/wp-json\/wp\/v2\/media\/202675"}],"wp:attachment":[{"href":"https:\/\/www.europesays.com\/fr\/wp-json\/wp\/v2\/media?parent=476079"}],"wp:term":[{"taxonomy":"category","embeddable":true,"href":"https:\/\/www.europesays.com\/fr\/wp-json\/wp\/v2\/categories?post=476079"},{"taxonomy":"post_tag","embeddable":true,"href":"https:\/\/www.europesays.com\/fr\/wp-json\/wp\/v2\/tags?post=476079"}],"curies":[{"name":"wp","href":"https:\/\/api.w.org\/{rel}","templated":true}]}}